{"id":2328,"date":"2024-02-20T12:44:23","date_gmt":"2024-02-20T11:44:23","guid":{"rendered":"https:\/\/sgi-es.org\/?p=2328"},"modified":"2024-02-20T12:44:23","modified_gmt":"2024-02-20T11:44:23","slug":"el-presidente-de-la-fundacion-santegidio-para-la-paz-y-el-dialogo-visita-la-sede-de-la-soka-gakkai","status":"publish","type":"post","link":"https:\/\/sgi-es.org\/ca\/el-presidente-de-la-fundacion-santegidio-para-la-paz-y-el-dialogo-visita-la-sede-de-la-soka-gakkai\/","title":{"rendered":"El presidente de la Fundaci\u00f3n Sant\u2019Egidio para la Paz y el Di\u00e1logo visita la sede de la Soka Gakkai"},"content":{"rendered":"<p>El 8 de diciembre, el presidente de la Fundaci\u00f3n Sant\u2019Egidio para la Paz y el Di\u00e1logo, Andrea Bartoli, visit\u00f3 en Tokio la sede central de la Soka Gakkai, donde se reuni\u00f3 con su presidente, Minoru Harada, y con la responsable de las mujeres de la SGI, Yumiko Kasanuki. El doctor Bartoli elogi\u00f3 el enfoque de la Soka Gakkai al abordar los problemas globales, basado en la creencia en la bondad de todos los seres humanos. El presidente Harada, a su vez, expres\u00f3 la voluntad de seguir colaborando en temas globales como la abolici\u00f3n de las armas nucleares y el cambio clim\u00e1tico.<\/p>\n<figure id=\"attachment_2166\" aria-describedby=\"caption-attachment-2166\" style=\"width: 720px\" class=\"wp-caption aligncenter\"><img loading=\"lazy\" decoding=\"async\" class=\"size-large wp-image-2166\" src=\"https:\/\/sgi-es.org\/wp-content\/uploads\/2024\/02\/andrea-bartoli-soka-gakkai-web-sges-720x480.jpg\" alt=\"\" width=\"720\" height=\"480\" srcset=\"https:\/\/sgi-es.org\/wp-content\/uploads\/2024\/02\/andrea-bartoli-soka-gakkai-web-sges-720x480.jpg 720w, https:\/\/sgi-es.org\/wp-content\/uploads\/2024\/02\/andrea-bartoli-soka-gakkai-web-sges-300x200.jpg 300w, https:\/\/sgi-es.org\/wp-content\/uploads\/2024\/02\/andrea-bartoli-soka-gakkai-web-sges-768x512.jpg 768w, https:\/\/sgi-es.org\/wp-content\/uploads\/2024\/02\/andrea-bartoli-soka-gakkai-web-sges-1536x1024.jpg 1536w, https:\/\/sgi-es.org\/wp-content\/uploads\/2024\/02\/andrea-bartoli-soka-gakkai-web-sges-2048x1365.jpg 2048w\" sizes=\"auto, (max-width: 720px) 100vw, 720px\" \/><figcaption id=\"caption-attachment-2166\" class=\"wp-caption-text\">Andrea Bartoli, en la sede de la Soka Gakkai en Tokio | Foto: Seikyo Shimbun<\/figcaption><\/figure>\n","protected":false},"excerpt":{"rendered":"<p>El 8 de diciembre, el presidente de la Fundaci\u00f3n Sant\u2019Egidio para la Paz y el Di\u00e1logo, Andrea Bartoli, visit\u00f3 en Tokio la sede central de la Soka Gakkai, donde se reuni\u00f3 con su presidente, Minoru Harada, y con la responsable de las mujeres de la SGI, Yumiko Kasanuki. El doctor Bartoli elogi\u00f3 el enfoque de [&hellip;]<\/p>\n","protected":false},"author":7,"featured_media":2166,"comment_status":"closed","ping_status":"closed","sticky":false,"template":"","format":"standard","meta":{"site-sidebar-layout":"default","site-content-layout":"","ast-site-content-layout":"normal-width-container","site-content-style":"default","site-sidebar-style":"default","ast-global-header-display":"","ast-banner-title-visibility":"","ast-main-header-display":"","ast-hfb-above-header-display":"","ast-hfb-below-header-display":"","ast-hfb-mobile-header-display":"","site-post-title":"","ast-breadcrumbs-content":"","ast-featured-img":"disabled","footer-sml-layout":"","theme-transparent-header-meta":"default","adv-header-id-meta":"","stick-header-meta":"default","header-above-stick-meta":"","header-main-stick-meta":"","header-below-stick-meta":"","astra-migrate-meta-layouts":"set","ast-page-background-enabled":"default","ast-page-background-meta":{"desktop":{"background-color":"","background-image":"","background-repeat":"repeat","background-position":"center center","background-size":"auto","background-attachment":"scroll","background-type":"","background-media":"","overlay-type":"","overlay-color":"","overlay-opacity":"","overlay-gradient":""},"tablet":{"background-color":"","background-image":"","background-repeat":"repeat","background-position":"center center","background-size":"auto","background-attachment":"scroll","background-type":"","background-media":"","overlay-type":"","overlay-color":"","overlay-opacity":"","overlay-gradient":""},"mobile":{"background-color":"","background-image":"","background-repeat":"repeat","background-position":"center center","background-size":"auto","background-attachment":"scroll","background-type":"","background-media":"","overlay-type":"","overlay-color":"","overlay-opacity":"","overlay-gradient":""}},"ast-content-background-meta":{"desktop":{"background-color":"var(--ast-global-color-5)","background-image":"","background-repeat":"repeat","background-position":"center center","background-size":"auto","background-attachment":"scroll","background-type":"","background-media":"","overlay-type":"","overlay-color":"","overlay-opacity":"","overlay-gradient":""},"tablet":{"background-color":"var(--ast-global-color-5)","background-image":"","background-repeat":"repeat","background-position":"center center","background-size":"auto","background-attachment":"scroll","background-type":"","background-media":"","overlay-type":"","overlay-color":"","overlay-opacity":"","overlay-gradient":""},"mobile":{"background-color":"var(--ast-global-color-5)","background-image":"","background-repeat":"repeat","background-position":"center center","background-size":"auto","background-attachment":"scroll","background-type":"","background-media":"","overlay-type":"","overlay-color":"","overlay-opacity":"","overlay-gradient":""}},"footnotes":""},"categories":[55],"tags":[],"class_list":["post-2328","post","type-post","status-publish","format-standard","has-post-thumbnail","hentry","category-noticias-3"],"yoast_head":"<!-- This site is optimized with the Yoast SEO plugin v22.0 - https:\/\/yoast.com\/wordpress\/plugins\/seo\/ -->\n<title>El presidente de la Fundaci\u00f3n Sant\u2019Egidio para la Paz y el Di\u00e1logo visita la sede de la Soka Gakkai - SOKA GAKKAI DE ESPA\u00d1A<\/title>\n<meta name=\"robots\" content=\"noindex, follow\" \/>\n<meta property=\"og:locale\" content=\"ca_ES\" \/>\n<meta property=\"og:type\" content=\"article\" \/>\n<meta property=\"og:title\" content=\"El presidente de la Fundaci\u00f3n Sant\u2019Egidio para la Paz y el Di\u00e1logo visita la sede de la Soka Gakkai - SOKA GAKKAI DE ESPA\u00d1A\" \/>\n<meta property=\"og:description\" content=\"El 8 de diciembre, el presidente de la Fundaci\u00f3n Sant\u2019Egidio para la Paz y el Di\u00e1logo, Andrea Bartoli, visit\u00f3 en Tokio la sede central de la Soka Gakkai, donde se reuni\u00f3 con su presidente, Minoru Harada, y con la responsable de las mujeres de la SGI, Yumiko Kasanuki. El doctor Bartoli elogi\u00f3 el enfoque de [&hellip;]\" \/>\n<meta property=\"og:url\" content=\"https:\/\/sgi-es.org\/ca\/el-presidente-de-la-fundacion-santegidio-para-la-paz-y-el-dialogo-visita-la-sede-de-la-soka-gakkai\/\" \/>\n<meta property=\"og:site_name\" content=\"SOKA GAKKAI DE ESPA\u00d1A\" \/>\n<meta property=\"article:published_time\" content=\"2024-02-20T11:44:23+00:00\" \/>\n<meta property=\"og:image\" content=\"https:\/\/sgi-es.org\/wp-content\/uploads\/2024\/02\/andrea-bartoli-soka-gakkai-web-sges-scaled.jpg\" \/>\n\t<meta property=\"og:image:width\" content=\"2560\" \/>\n\t<meta property=\"og:image:height\" content=\"1707\" \/>\n\t<meta property=\"og:image:type\" content=\"image\/jpeg\" \/>\n<meta name=\"author\" content=\"root_sgi-es\" \/>\n<meta name=\"twitter:card\" content=\"summary_large_image\" \/>\n<meta name=\"twitter:label1\" content=\"Escrit per\" \/>\n\t<meta name=\"twitter:data1\" content=\"root_sgi-es\" \/>\n\t<meta name=\"twitter:label2\" content=\"Temps estimat de lectura\" \/>\n\t<meta name=\"twitter:data2\" content=\"1 minut\" \/>\n<script type=\"application\/ld+json\" class=\"yoast-schema-graph\">{\"@context\":\"https:\/\/schema.org\",\"@graph\":[{\"@type\":\"Article\",\"@id\":\"https:\/\/sgi-es.org\/ca\/el-presidente-de-la-fundacion-santegidio-para-la-paz-y-el-dialogo-visita-la-sede-de-la-soka-gakkai\/#article\",\"isPartOf\":{\"@id\":\"https:\/\/sgi-es.org\/ca\/el-presidente-de-la-fundacion-santegidio-para-la-paz-y-el-dialogo-visita-la-sede-de-la-soka-gakkai\/\"},\"author\":{\"name\":\"root_sgi-es\",\"@id\":\"https:\/\/sgi-es.org\/#\/schema\/person\/8db076f3d444a2f2dab2d057ebb10024\"},\"headline\":\"El presidente de la Fundaci\u00f3n Sant\u2019Egidio para la Paz y el Di\u00e1logo visita la sede de la Soka Gakkai\",\"datePublished\":\"2024-02-20T11:44:23+00:00\",\"dateModified\":\"2024-02-20T11:44:23+00:00\",\"mainEntityOfPage\":{\"@id\":\"https:\/\/sgi-es.org\/ca\/el-presidente-de-la-fundacion-santegidio-para-la-paz-y-el-dialogo-visita-la-sede-de-la-soka-gakkai\/\"},\"wordCount\":148,\"publisher\":{\"@id\":\"https:\/\/sgi-es.org\/#organization\"},\"articleSection\":[\"Noticias\"],\"inLanguage\":\"ca\"},{\"@type\":\"WebPage\",\"@id\":\"https:\/\/sgi-es.org\/ca\/el-presidente-de-la-fundacion-santegidio-para-la-paz-y-el-dialogo-visita-la-sede-de-la-soka-gakkai\/\",\"url\":\"https:\/\/sgi-es.org\/ca\/el-presidente-de-la-fundacion-santegidio-para-la-paz-y-el-dialogo-visita-la-sede-de-la-soka-gakkai\/\",\"name\":\"El presidente de la Fundaci\u00f3n Sant\u2019Egidio para la Paz y el Di\u00e1logo visita la sede de la Soka Gakkai - SOKA GAKKAI DE ESPA\u00d1A\",\"isPartOf\":{\"@id\":\"https:\/\/sgi-es.org\/#website\"},\"datePublished\":\"2024-02-20T11:44:23+00:00\",\"dateModified\":\"2024-02-20T11:44:23+00:00\",\"breadcrumb\":{\"@id\":\"https:\/\/sgi-es.org\/ca\/el-presidente-de-la-fundacion-santegidio-para-la-paz-y-el-dialogo-visita-la-sede-de-la-soka-gakkai\/#breadcrumb\"},\"inLanguage\":\"ca\",\"potentialAction\":[{\"@type\":\"ReadAction\",\"target\":[\"https:\/\/sgi-es.org\/ca\/el-presidente-de-la-fundacion-santegidio-para-la-paz-y-el-dialogo-visita-la-sede-de-la-soka-gakkai\/\"]}]},{\"@type\":\"BreadcrumbList\",\"@id\":\"https:\/\/sgi-es.org\/ca\/el-presidente-de-la-fundacion-santegidio-para-la-paz-y-el-dialogo-visita-la-sede-de-la-soka-gakkai\/#breadcrumb\",\"itemListElement\":[{\"@type\":\"ListItem\",\"position\":1,\"name\":\"Portada\",\"item\":\"https:\/\/sgi-es.org\/ca\/\"},{\"@type\":\"ListItem\",\"position\":2,\"name\":\"El presidente de la Fundaci\u00f3n Sant\u2019Egidio para la Paz y el Di\u00e1logo visita la sede de la Soka Gakkai\"}]},{\"@type\":\"WebSite\",\"@id\":\"https:\/\/sgi-es.org\/#website\",\"url\":\"https:\/\/sgi-es.org\/\",\"name\":\"SOKA GAKKAI DE ESPA\u00d1A\",\"description\":\"\",\"publisher\":{\"@id\":\"https:\/\/sgi-es.org\/#organization\"},\"potentialAction\":[{\"@type\":\"SearchAction\",\"target\":{\"@type\":\"EntryPoint\",\"urlTemplate\":\"https:\/\/sgi-es.org\/?s={search_term_string}\"},\"query-input\":\"required name=search_term_string\"}],\"inLanguage\":\"ca\"},{\"@type\":\"Organization\",\"@id\":\"https:\/\/sgi-es.org\/#organization\",\"name\":\"Soka Gakkai de Espa\u00f1a\",\"url\":\"https:\/\/sgi-es.org\/\",\"logo\":{\"@type\":\"ImageObject\",\"inLanguage\":\"ca\",\"@id\":\"https:\/\/sgi-es.org\/#\/schema\/logo\/image\/\",\"url\":\"https:\/\/sgi-es.org\/wp-content\/uploads\/2021\/09\/soka-gakkai-espana-logo-6.png\",\"contentUrl\":\"https:\/\/sgi-es.org\/wp-content\/uploads\/2021\/09\/soka-gakkai-espana-logo-6.png\",\"width\":1000,\"height\":152,\"caption\":\"Soka Gakkai de Espa\u00f1a\"},\"image\":{\"@id\":\"https:\/\/sgi-es.org\/#\/schema\/logo\/image\/\"}},{\"@type\":\"Person\",\"@id\":\"https:\/\/sgi-es.org\/#\/schema\/person\/8db076f3d444a2f2dab2d057ebb10024\",\"name\":\"root_sgi-es\",\"image\":{\"@type\":\"ImageObject\",\"inLanguage\":\"ca\",\"@id\":\"https:\/\/sgi-es.org\/#\/schema\/person\/image\/\",\"url\":\"https:\/\/secure.gravatar.com\/avatar\/c70873858abaa50cead4e039a83317ee?s=96&d=mm&r=g\",\"contentUrl\":\"https:\/\/secure.gravatar.com\/avatar\/c70873858abaa50cead4e039a83317ee?s=96&d=mm&r=g\",\"caption\":\"root_sgi-es\"}}]}<\/script>\n<!-- \/ Yoast SEO plugin. -->","yoast_head_json":{"title":"El presidente de la Fundaci\u00f3n Sant\u2019Egidio para la Paz y el Di\u00e1logo visita la sede de la Soka Gakkai - SOKA GAKKAI DE ESPA\u00d1A","robots":{"index":"noindex","follow":"follow"},"og_locale":"ca_ES","og_type":"article","og_title":"El presidente de la Fundaci\u00f3n Sant\u2019Egidio para la Paz y el Di\u00e1logo visita la sede de la Soka Gakkai - SOKA GAKKAI DE ESPA\u00d1A","og_description":"El 8 de diciembre, el presidente de la Fundaci\u00f3n Sant\u2019Egidio para la Paz y el Di\u00e1logo, Andrea Bartoli, visit\u00f3 en Tokio la sede central de la Soka Gakkai, donde se reuni\u00f3 con su presidente, Minoru Harada, y con la responsable de las mujeres de la SGI, Yumiko Kasanuki. El doctor Bartoli elogi\u00f3 el enfoque de [&hellip;]","og_url":"https:\/\/sgi-es.org\/ca\/el-presidente-de-la-fundacion-santegidio-para-la-paz-y-el-dialogo-visita-la-sede-de-la-soka-gakkai\/","og_site_name":"SOKA GAKKAI DE ESPA\u00d1A","article_published_time":"2024-02-20T11:44:23+00:00","og_image":[{"width":2560,"height":1707,"url":"https:\/\/sgi-es.org\/wp-content\/uploads\/2024\/02\/andrea-bartoli-soka-gakkai-web-sges-scaled.jpg","type":"image\/jpeg"}],"author":"root_sgi-es","twitter_card":"summary_large_image","twitter_misc":{"Escrit per":"root_sgi-es","Temps estimat de lectura":"1 minut"},"schema":{"@context":"https:\/\/schema.org","@graph":[{"@type":"Article","@id":"https:\/\/sgi-es.org\/ca\/el-presidente-de-la-fundacion-santegidio-para-la-paz-y-el-dialogo-visita-la-sede-de-la-soka-gakkai\/#article","isPartOf":{"@id":"https:\/\/sgi-es.org\/ca\/el-presidente-de-la-fundacion-santegidio-para-la-paz-y-el-dialogo-visita-la-sede-de-la-soka-gakkai\/"},"author":{"name":"root_sgi-es","@id":"https:\/\/sgi-es.org\/#\/schema\/person\/8db076f3d444a2f2dab2d057ebb10024"},"headline":"El presidente de la Fundaci\u00f3n Sant\u2019Egidio para la Paz y el Di\u00e1logo visita la sede de la Soka Gakkai","datePublished":"2024-02-20T11:44:23+00:00","dateModified":"2024-02-20T11:44:23+00:00","mainEntityOfPage":{"@id":"https:\/\/sgi-es.org\/ca\/el-presidente-de-la-fundacion-santegidio-para-la-paz-y-el-dialogo-visita-la-sede-de-la-soka-gakkai\/"},"wordCount":148,"publisher":{"@id":"https:\/\/sgi-es.org\/#organization"},"articleSection":["Noticias"],"inLanguage":"ca"},{"@type":"WebPage","@id":"https:\/\/sgi-es.org\/ca\/el-presidente-de-la-fundacion-santegidio-para-la-paz-y-el-dialogo-visita-la-sede-de-la-soka-gakkai\/","url":"https:\/\/sgi-es.org\/ca\/el-presidente-de-la-fundacion-santegidio-para-la-paz-y-el-dialogo-visita-la-sede-de-la-soka-gakkai\/","name":"El presidente de la Fundaci\u00f3n Sant\u2019Egidio para la Paz y el Di\u00e1logo visita la sede de la Soka Gakkai - SOKA GAKKAI DE ESPA\u00d1A","isPartOf":{"@id":"https:\/\/sgi-es.org\/#website"},"datePublished":"2024-02-20T11:44:23+00:00","dateModified":"2024-02-20T11:44:23+00:00","breadcrumb":{"@id":"https:\/\/sgi-es.org\/ca\/el-presidente-de-la-fundacion-santegidio-para-la-paz-y-el-dialogo-visita-la-sede-de-la-soka-gakkai\/#breadcrumb"},"inLanguage":"ca","potentialAction":[{"@type":"ReadAction","target":["https:\/\/sgi-es.org\/ca\/el-presidente-de-la-fundacion-santegidio-para-la-paz-y-el-dialogo-visita-la-sede-de-la-soka-gakkai\/"]}]},{"@type":"BreadcrumbList","@id":"https:\/\/sgi-es.org\/ca\/el-presidente-de-la-fundacion-santegidio-para-la-paz-y-el-dialogo-visita-la-sede-de-la-soka-gakkai\/#breadcrumb","itemListElement":[{"@type":"ListItem","position":1,"name":"Portada","item":"https:\/\/sgi-es.org\/ca\/"},{"@type":"ListItem","position":2,"name":"El presidente de la Fundaci\u00f3n Sant\u2019Egidio para la Paz y el Di\u00e1logo visita la sede de la Soka Gakkai"}]},{"@type":"WebSite","@id":"https:\/\/sgi-es.org\/#website","url":"https:\/\/sgi-es.org\/","name":"SOKA GAKKAI DE ESPA\u00d1A","description":"","publisher":{"@id":"https:\/\/sgi-es.org\/#organization"},"potentialAction":[{"@type":"SearchAction","target":{"@type":"EntryPoint","urlTemplate":"https:\/\/sgi-es.org\/?s={search_term_string}"},"query-input":"required name=search_term_string"}],"inLanguage":"ca"},{"@type":"Organization","@id":"https:\/\/sgi-es.org\/#organization","name":"Soka Gakkai de Espa\u00f1a","url":"https:\/\/sgi-es.org\/","logo":{"@type":"ImageObject","inLanguage":"ca","@id":"https:\/\/sgi-es.org\/#\/schema\/logo\/image\/","url":"https:\/\/sgi-es.org\/wp-content\/uploads\/2021\/09\/soka-gakkai-espana-logo-6.png","contentUrl":"https:\/\/sgi-es.org\/wp-content\/uploads\/2021\/09\/soka-gakkai-espana-logo-6.png","width":1000,"height":152,"caption":"Soka Gakkai de Espa\u00f1a"},"image":{"@id":"https:\/\/sgi-es.org\/#\/schema\/logo\/image\/"}},{"@type":"Person","@id":"https:\/\/sgi-es.org\/#\/schema\/person\/8db076f3d444a2f2dab2d057ebb10024","name":"root_sgi-es","image":{"@type":"ImageObject","inLanguage":"ca","@id":"https:\/\/sgi-es.org\/#\/schema\/person\/image\/","url":"https:\/\/secure.gravatar.com\/avatar\/c70873858abaa50cead4e039a83317ee?s=96&d=mm&r=g","contentUrl":"https:\/\/secure.gravatar.com\/avatar\/c70873858abaa50cead4e039a83317ee?s=96&d=mm&r=g","caption":"root_sgi-es"}}]}},"_links":{"self":[{"href":"https:\/\/sgi-es.org\/ca\/wp-json\/wp\/v2\/posts\/2328","targetHints":{"allow":["GET"]}}],"collection":[{"href":"https:\/\/sgi-es.org\/ca\/wp-json\/wp\/v2\/posts"}],"about":[{"href":"https:\/\/sgi-es.org\/ca\/wp-json\/wp\/v2\/types\/post"}],"author":[{"embeddable":true,"href":"https:\/\/sgi-es.org\/ca\/wp-json\/wp\/v2\/users\/7"}],"replies":[{"embeddable":true,"href":"https:\/\/sgi-es.org\/ca\/wp-json\/wp\/v2\/comments?post=2328"}],"version-history":[{"count":3,"href":"https:\/\/sgi-es.org\/ca\/wp-json\/wp\/v2\/posts\/2328\/revisions"}],"predecessor-version":[{"id":2331,"href":"https:\/\/sgi-es.org\/ca\/wp-json\/wp\/v2\/posts\/2328\/revisions\/2331"}],"wp:featuredmedia":[{"embeddable":true,"href":"https:\/\/sgi-es.org\/ca\/wp-json\/wp\/v2\/media\/2166"}],"wp:attachment":[{"href":"https:\/\/sgi-es.org\/ca\/wp-json\/wp\/v2\/media?parent=2328"}],"wp:term":[{"taxonomy":"category","embeddable":true,"href":"https:\/\/sgi-es.org\/ca\/wp-json\/wp\/v2\/categories?post=2328"},{"taxonomy":"post_tag","embeddable":true,"href":"https:\/\/sgi-es.org\/ca\/wp-json\/wp\/v2\/tags?post=2328"}],"curies":[{"name":"wp","href":"https:\/\/api.w.org\/{rel}","templated":true}]}}