{"id":2602,"date":"2024-03-27T09:50:39","date_gmt":"2024-03-27T08:50:39","guid":{"rendered":"https:\/\/sgi-es.org\/?p=2602"},"modified":"2024-03-27T09:50:39","modified_gmt":"2024-03-27T08:50:39","slug":"homenaje-a-daisaku-ikeda-en-el-parlamento-europeo","status":"publish","type":"post","link":"https:\/\/sgi-es.org\/ca\/homenaje-a-daisaku-ikeda-en-el-parlamento-europeo\/","title":{"rendered":"Homenaje a Daisaku Ikeda en el Parlamento Europeo"},"content":{"rendered":"<p class=\"x_MsoNormal\">Con el t\u00edtulo \u00abLa promoci\u00f3n de la paz a trav\u00e9s del di\u00e1logo y la revoluci\u00f3n humana: La vida de Daisaku Ikeda\u00bb, el martes 20 de febrero por la ma\u00f1ana tuvo lugar en el Parlamento Europeo, en Bruselas, un acto convocado para celebrar la vida de Daisaku Ikeda y sus contribuciones a la paz, la cultura y la educaci\u00f3n. Este fue organizado por la vicepresidenta del Parlamento Europeo Pina Picierno en colaboraci\u00f3n con la SGI de Europa, y cont\u00f3 con la participaci\u00f3n de figuras relevantes en los campos de la religi\u00f3n, el desarrollo sostenible, la educaci\u00f3n, la ciencia, el desarme y la cultura de paz.<\/p>\n<p class=\"x_MsoNormal\">El evento se desarroll\u00f3 en el edificio Paul-Henri Spaak y\u00a0<a href=\"https:\/\/www.youtube.com\/live\/8GcujDhDvu8\/\" target=\"_blank\" rel=\"noopener noreferrer\" data-auth=\"NotApplicable\" data-linkindex=\"0\">se emiti\u00f3 a trav\u00e9s de YouTube<\/a>. Participaron presencialmente alrededor de 130 personas y lo siguieron en l\u00ednea, en directo o en diferido, decenas de miles (la emisi\u00f3n sigue disponible, por lo que la cifra es creciente).<\/p>\n<figure id=\"attachment_2595\" aria-describedby=\"caption-attachment-2595\" style=\"width: 720px\" class=\"wp-caption aligncenter\"><img loading=\"lazy\" decoding=\"async\" class=\"size-large wp-image-2595\" src=\"https:\/\/sgi-es.org\/wp-content\/uploads\/2024\/03\/50415715-12142-20240301-183750-C-720x481.jpg\" alt=\"\" width=\"720\" height=\"481\" srcset=\"https:\/\/sgi-es.org\/wp-content\/uploads\/2024\/03\/50415715-12142-20240301-183750-C-720x481.jpg 720w, https:\/\/sgi-es.org\/wp-content\/uploads\/2024\/03\/50415715-12142-20240301-183750-C-300x201.jpg 300w, https:\/\/sgi-es.org\/wp-content\/uploads\/2024\/03\/50415715-12142-20240301-183750-C-768x513.jpg 768w, https:\/\/sgi-es.org\/wp-content\/uploads\/2024\/03\/50415715-12142-20240301-183750-C-1536x1027.jpg 1536w, https:\/\/sgi-es.org\/wp-content\/uploads\/2024\/03\/50415715-12142-20240301-183750-C.jpg 1565w\" sizes=\"auto, (max-width: 720px) 100vw, 720px\" \/><figcaption id=\"caption-attachment-2595\" class=\"wp-caption-text\">Homenaje a Daisaku Ikeda en el Parlamento Europeo el 20 de febrero de 2024 | Foto: Seikyo Shimbun<\/figcaption><\/figure>\n<p class=\"x_MsoNormal\">Abri\u00f3 el acto una interpretaci\u00f3n en directo, en solo de viol\u00edn, del\u00a0<i>Himno a la alegr\u00eda<\/i>\u00a0de Beethoven, una obra llena de significado para Europa y para la vida del homenajeado. A continuaci\u00f3n, junto a la pareja de j\u00f3venes moderadores, tomaron asiento la vicepresidenta del Parlamento Europeo Pina Picierno y el copresidente de la SGI de Europa Robert Harrap, integrantes permanentes de una mesa a la que se ir\u00eda invitando a otros ponentes sucesivamente.<\/p>\n<p class=\"x_MsoNormal\">Tras la presentaci\u00f3n inicial, se proyect\u00f3 un breve y conmovedor v\u00eddeo sobre la vida de Daisaku Ikeda y sus contribuciones a la paz, la cultura y la educaci\u00f3n. Este fue seguido por la lectura de un mensaje de la familia Ikeda, enviado en respuesta a la carta de condolencias que les hab\u00eda remitido la vicepresidenta Picierno, quien intervino entonces, como anfitriona, para enmarcar el encuentro. Con contribuciones de Stefano Bettera, presidente de la Uni\u00f3n Budista Europea, y Sandrine Dixson-Decl\u00e8ve, copresidenta del Club de Roma, se complet\u00f3 la primera parte del evento.<\/p>\n<p class=\"x_MsoNormal\">De nuevo fue una interpretaci\u00f3n al viol\u00edn, de una\u00a0<i>Passacaglia en Sol menor<\/i>\u00a0de Biber, lo que dio paso a la segunda parte. En ella, empez\u00f3 tomando el micr\u00f3fono Akp\u00e9n\u00e9 Bernard, corresponsable del Comit\u00e9 de J\u00f3venes de la SGI de Europa. Seguidamente se leyeron varios de los mensajes enviados para la ocasi\u00f3n por personalidades que, teniendo un v\u00ednculo con Daisaku Ikeda, no hab\u00edan podido asistir al acto en persona. Entonces, Melissa Parke, directora ejecutiva de ICAN (Campa\u00f1a Internacional para Abolir las Armas Nucleares), y Robert Harrap pronunciaron sendos discursos, con los que concluy\u00f3 el homenaje.<\/p>\n<p class=\"x_MsoNormal\">En el n\u00famero de abril de la revista\u00a0<i>Civilizaci\u00f3n Global<\/i>\u00a0se han publicado extractos de algunas intervenciones:<\/p>\n<ul type=\"disc\">\n<li class=\"x_MsoNormal\"><strong><a href=\"https:\/\/ediciones-civilizacionglobal.com\/article\/pina-picierno-homenaje-ikeda\/\" target=\"_blank\" rel=\"noopener noreferrer\" data-auth=\"NotApplicable\" data-linkindex=\"1\">Pina Picierno<\/a><\/strong>, vicepresidenta del Parlamento Europeo.<\/li>\n<li class=\"x_MsoNormal\"><a href=\"https:\/\/ediciones-civilizacionglobal.com\/article\/stefano-bettera-homenaje-ikeda\/\" target=\"_blank\" rel=\"noopener noreferrer\" data-auth=\"NotApplicable\" data-linkindex=\"2\"><strong>Stefano Bettera<\/strong><\/a>, presidente de la Uni\u00f3n Budista Europea.<\/li>\n<li class=\"x_MsoNormal\"><strong><a href=\"https:\/\/ediciones-civilizacionglobal.com\/article\/sandrine-dixson-decleve-homenaje-ikeda\/\" target=\"_blank\" rel=\"noopener noreferrer\" data-auth=\"NotApplicable\" data-linkindex=\"3\">Sandrine Dixson-Decl\u00e8ve<\/a><\/strong>, copresidenta del Club de Roma.<\/li>\n<li class=\"x_MsoNormal\"><strong><a href=\"https:\/\/ediciones-civilizacionglobal.com\/article\/melissa-parke-homenaje-ikeda\/\" target=\"_blank\" rel=\"noopener noreferrer\" data-auth=\"NotApplicable\" data-linkindex=\"4\">Melissa Parke<\/a><\/strong>, directora ejecutiva de ICAN.<\/li>\n<\/ul>\n","protected":false},"excerpt":{"rendered":"<p>Con el t\u00edtulo \u00abLa promoci\u00f3n de la paz a trav\u00e9s del di\u00e1logo y la revoluci\u00f3n humana: La vida de Daisaku Ikeda\u00bb, el martes 20 de febrero por la ma\u00f1ana tuvo lugar en el Parlamento Europeo, en Bruselas, un acto convocado para celebrar la vida de Daisaku Ikeda y sus contribuciones a la paz, la cultura [&hellip;]<\/p>\n","protected":false},"author":7,"featured_media":2595,"comment_status":"closed","ping_status":"closed","sticky":false,"template":"","format":"standard","meta":{"site-sidebar-layout":"default","site-content-layout":"","ast-site-content-layout":"normal-width-container","site-content-style":"default","site-sidebar-style":"default","ast-global-header-display":"","ast-banner-title-visibility":"","ast-main-header-display":"","ast-hfb-above-header-display":"","ast-hfb-below-header-display":"","ast-hfb-mobile-header-display":"","site-post-title":"","ast-breadcrumbs-content":"","ast-featured-img":"disabled","footer-sml-layout":"","theme-transparent-header-meta":"default","adv-header-id-meta":"","stick-header-meta":"default","header-above-stick-meta":"","header-main-stick-meta":"","header-below-stick-meta":"","astra-migrate-meta-layouts":"set","ast-page-background-enabled":"default","ast-page-background-meta":{"desktop":{"background-color":"","background-image":"","background-repeat":"repeat","background-position":"center center","background-size":"auto","background-attachment":"scroll","background-type":"","background-media":"","overlay-type":"","overlay-color":"","overlay-opacity":"","overlay-gradient":""},"tablet":{"background-color":"","background-image":"","background-repeat":"repeat","background-position":"center center","background-size":"auto","background-attachment":"scroll","background-type":"","background-media":"","overlay-type":"","overlay-color":"","overlay-opacity":"","overlay-gradient":""},"mobile":{"background-color":"","background-image":"","background-repeat":"repeat","background-position":"center center","background-size":"auto","background-attachment":"scroll","background-type":"","background-media":"","overlay-type":"","overlay-color":"","overlay-opacity":"","overlay-gradient":""}},"ast-content-background-meta":{"desktop":{"background-color":"var(--ast-global-color-5)","background-image":"","background-repeat":"repeat","background-position":"center center","background-size":"auto","background-attachment":"scroll","background-type":"","background-media":"","overlay-type":"","overlay-color":"","overlay-opacity":"","overlay-gradient":""},"tablet":{"background-color":"var(--ast-global-color-5)","background-image":"","background-repeat":"repeat","background-position":"center center","background-size":"auto","background-attachment":"scroll","background-type":"","background-media":"","overlay-type":"","overlay-color":"","overlay-opacity":"","overlay-gradient":""},"mobile":{"background-color":"var(--ast-global-color-5)","background-image":"","background-repeat":"repeat","background-position":"center center","background-size":"auto","background-attachment":"scroll","background-type":"","background-media":"","overlay-type":"","overlay-color":"","overlay-opacity":"","overlay-gradient":""}},"footnotes":""},"categories":[55],"tags":[],"class_list":["post-2602","post","type-post","status-publish","format-standard","has-post-thumbnail","hentry","category-noticias-3"],"yoast_head":"<!-- This site is optimized with the Yoast SEO plugin v22.0 - https:\/\/yoast.com\/wordpress\/plugins\/seo\/ -->\n<title>Homenaje a Daisaku Ikeda en el Parlamento Europeo - SOKA GAKKAI DE ESPA\u00d1A<\/title>\n<meta name=\"robots\" content=\"noindex, follow\" \/>\n<meta property=\"og:locale\" content=\"ca_ES\" \/>\n<meta property=\"og:type\" content=\"article\" \/>\n<meta property=\"og:title\" content=\"Homenaje a Daisaku Ikeda en el Parlamento Europeo - SOKA GAKKAI DE ESPA\u00d1A\" \/>\n<meta property=\"og:description\" content=\"Con el t\u00edtulo \u00abLa promoci\u00f3n de la paz a trav\u00e9s del di\u00e1logo y la revoluci\u00f3n humana: La vida de Daisaku Ikeda\u00bb, el martes 20 de febrero por la ma\u00f1ana tuvo lugar en el Parlamento Europeo, en Bruselas, un acto convocado para celebrar la vida de Daisaku Ikeda y sus contribuciones a la paz, la cultura [&hellip;]\" \/>\n<meta property=\"og:url\" content=\"https:\/\/sgi-es.org\/ca\/homenaje-a-daisaku-ikeda-en-el-parlamento-europeo\/\" \/>\n<meta property=\"og:site_name\" content=\"SOKA GAKKAI DE ESPA\u00d1A\" \/>\n<meta property=\"article:published_time\" content=\"2024-03-27T08:50:39+00:00\" \/>\n<meta property=\"og:image\" content=\"https:\/\/sgi-es.org\/wp-content\/uploads\/2024\/03\/50415715-12142-20240301-183750-C.jpg\" \/>\n\t<meta property=\"og:image:width\" content=\"1565\" \/>\n\t<meta property=\"og:image:height\" content=\"1046\" \/>\n\t<meta property=\"og:image:type\" content=\"image\/jpeg\" \/>\n<meta name=\"author\" content=\"root_sgi-es\" \/>\n<meta name=\"twitter:card\" content=\"summary_large_image\" \/>\n<meta name=\"twitter:label1\" content=\"Escrit per\" \/>\n\t<meta name=\"twitter:data1\" content=\"root_sgi-es\" \/>\n\t<meta name=\"twitter:label2\" content=\"Temps estimat de lectura\" \/>\n\t<meta name=\"twitter:data2\" content=\"3 minuts\" \/>\n<script type=\"application\/ld+json\" class=\"yoast-schema-graph\">{\"@context\":\"https:\/\/schema.org\",\"@graph\":[{\"@type\":\"Article\",\"@id\":\"https:\/\/sgi-es.org\/ca\/homenaje-a-daisaku-ikeda-en-el-parlamento-europeo\/#article\",\"isPartOf\":{\"@id\":\"https:\/\/sgi-es.org\/ca\/homenaje-a-daisaku-ikeda-en-el-parlamento-europeo\/\"},\"author\":{\"name\":\"root_sgi-es\",\"@id\":\"https:\/\/sgi-es.org\/#\/schema\/person\/8db076f3d444a2f2dab2d057ebb10024\"},\"headline\":\"Homenaje a Daisaku Ikeda en el Parlamento Europeo\",\"datePublished\":\"2024-03-27T08:50:39+00:00\",\"dateModified\":\"2024-03-27T08:50:39+00:00\",\"mainEntityOfPage\":{\"@id\":\"https:\/\/sgi-es.org\/ca\/homenaje-a-daisaku-ikeda-en-el-parlamento-europeo\/\"},\"wordCount\":521,\"publisher\":{\"@id\":\"https:\/\/sgi-es.org\/#organization\"},\"articleSection\":[\"Noticias\"],\"inLanguage\":\"ca\"},{\"@type\":\"WebPage\",\"@id\":\"https:\/\/sgi-es.org\/ca\/homenaje-a-daisaku-ikeda-en-el-parlamento-europeo\/\",\"url\":\"https:\/\/sgi-es.org\/ca\/homenaje-a-daisaku-ikeda-en-el-parlamento-europeo\/\",\"name\":\"Homenaje a Daisaku Ikeda en el Parlamento Europeo - SOKA GAKKAI DE ESPA\u00d1A\",\"isPartOf\":{\"@id\":\"https:\/\/sgi-es.org\/#website\"},\"datePublished\":\"2024-03-27T08:50:39+00:00\",\"dateModified\":\"2024-03-27T08:50:39+00:00\",\"breadcrumb\":{\"@id\":\"https:\/\/sgi-es.org\/ca\/homenaje-a-daisaku-ikeda-en-el-parlamento-europeo\/#breadcrumb\"},\"inLanguage\":\"ca\",\"potentialAction\":[{\"@type\":\"ReadAction\",\"target\":[\"https:\/\/sgi-es.org\/ca\/homenaje-a-daisaku-ikeda-en-el-parlamento-europeo\/\"]}]},{\"@type\":\"BreadcrumbList\",\"@id\":\"https:\/\/sgi-es.org\/ca\/homenaje-a-daisaku-ikeda-en-el-parlamento-europeo\/#breadcrumb\",\"itemListElement\":[{\"@type\":\"ListItem\",\"position\":1,\"name\":\"Portada\",\"item\":\"https:\/\/sgi-es.org\/ca\/\"},{\"@type\":\"ListItem\",\"position\":2,\"name\":\"Homenaje a Daisaku Ikeda en el Parlamento Europeo\"}]},{\"@type\":\"WebSite\",\"@id\":\"https:\/\/sgi-es.org\/#website\",\"url\":\"https:\/\/sgi-es.org\/\",\"name\":\"SOKA GAKKAI DE ESPA\u00d1A\",\"description\":\"\",\"publisher\":{\"@id\":\"https:\/\/sgi-es.org\/#organization\"},\"potentialAction\":[{\"@type\":\"SearchAction\",\"target\":{\"@type\":\"EntryPoint\",\"urlTemplate\":\"https:\/\/sgi-es.org\/?s={search_term_string}\"},\"query-input\":\"required name=search_term_string\"}],\"inLanguage\":\"ca\"},{\"@type\":\"Organization\",\"@id\":\"https:\/\/sgi-es.org\/#organization\",\"name\":\"Soka Gakkai de Espa\u00f1a\",\"url\":\"https:\/\/sgi-es.org\/\",\"logo\":{\"@type\":\"ImageObject\",\"inLanguage\":\"ca\",\"@id\":\"https:\/\/sgi-es.org\/#\/schema\/logo\/image\/\",\"url\":\"https:\/\/sgi-es.org\/wp-content\/uploads\/2021\/09\/soka-gakkai-espana-logo-6.png\",\"contentUrl\":\"https:\/\/sgi-es.org\/wp-content\/uploads\/2021\/09\/soka-gakkai-espana-logo-6.png\",\"width\":1000,\"height\":152,\"caption\":\"Soka Gakkai de Espa\u00f1a\"},\"image\":{\"@id\":\"https:\/\/sgi-es.org\/#\/schema\/logo\/image\/\"}},{\"@type\":\"Person\",\"@id\":\"https:\/\/sgi-es.org\/#\/schema\/person\/8db076f3d444a2f2dab2d057ebb10024\",\"name\":\"root_sgi-es\",\"image\":{\"@type\":\"ImageObject\",\"inLanguage\":\"ca\",\"@id\":\"https:\/\/sgi-es.org\/#\/schema\/person\/image\/\",\"url\":\"https:\/\/secure.gravatar.com\/avatar\/c70873858abaa50cead4e039a83317ee?s=96&d=mm&r=g\",\"contentUrl\":\"https:\/\/secure.gravatar.com\/avatar\/c70873858abaa50cead4e039a83317ee?s=96&d=mm&r=g\",\"caption\":\"root_sgi-es\"}}]}<\/script>\n<!-- \/ Yoast SEO plugin. -->","yoast_head_json":{"title":"Homenaje a Daisaku Ikeda en el Parlamento Europeo - SOKA GAKKAI DE ESPA\u00d1A","robots":{"index":"noindex","follow":"follow"},"og_locale":"ca_ES","og_type":"article","og_title":"Homenaje a Daisaku Ikeda en el Parlamento Europeo - SOKA GAKKAI DE ESPA\u00d1A","og_description":"Con el t\u00edtulo \u00abLa promoci\u00f3n de la paz a trav\u00e9s del di\u00e1logo y la revoluci\u00f3n humana: La vida de Daisaku Ikeda\u00bb, el martes 20 de febrero por la ma\u00f1ana tuvo lugar en el Parlamento Europeo, en Bruselas, un acto convocado para celebrar la vida de Daisaku Ikeda y sus contribuciones a la paz, la cultura [&hellip;]","og_url":"https:\/\/sgi-es.org\/ca\/homenaje-a-daisaku-ikeda-en-el-parlamento-europeo\/","og_site_name":"SOKA GAKKAI DE ESPA\u00d1A","article_published_time":"2024-03-27T08:50:39+00:00","og_image":[{"width":1565,"height":1046,"url":"https:\/\/sgi-es.org\/wp-content\/uploads\/2024\/03\/50415715-12142-20240301-183750-C.jpg","type":"image\/jpeg"}],"author":"root_sgi-es","twitter_card":"summary_large_image","twitter_misc":{"Escrit per":"root_sgi-es","Temps estimat de lectura":"3 minuts"},"schema":{"@context":"https:\/\/schema.org","@graph":[{"@type":"Article","@id":"https:\/\/sgi-es.org\/ca\/homenaje-a-daisaku-ikeda-en-el-parlamento-europeo\/#article","isPartOf":{"@id":"https:\/\/sgi-es.org\/ca\/homenaje-a-daisaku-ikeda-en-el-parlamento-europeo\/"},"author":{"name":"root_sgi-es","@id":"https:\/\/sgi-es.org\/#\/schema\/person\/8db076f3d444a2f2dab2d057ebb10024"},"headline":"Homenaje a Daisaku Ikeda en el Parlamento Europeo","datePublished":"2024-03-27T08:50:39+00:00","dateModified":"2024-03-27T08:50:39+00:00","mainEntityOfPage":{"@id":"https:\/\/sgi-es.org\/ca\/homenaje-a-daisaku-ikeda-en-el-parlamento-europeo\/"},"wordCount":521,"publisher":{"@id":"https:\/\/sgi-es.org\/#organization"},"articleSection":["Noticias"],"inLanguage":"ca"},{"@type":"WebPage","@id":"https:\/\/sgi-es.org\/ca\/homenaje-a-daisaku-ikeda-en-el-parlamento-europeo\/","url":"https:\/\/sgi-es.org\/ca\/homenaje-a-daisaku-ikeda-en-el-parlamento-europeo\/","name":"Homenaje a Daisaku Ikeda en el Parlamento Europeo - SOKA GAKKAI DE ESPA\u00d1A","isPartOf":{"@id":"https:\/\/sgi-es.org\/#website"},"datePublished":"2024-03-27T08:50:39+00:00","dateModified":"2024-03-27T08:50:39+00:00","breadcrumb":{"@id":"https:\/\/sgi-es.org\/ca\/homenaje-a-daisaku-ikeda-en-el-parlamento-europeo\/#breadcrumb"},"inLanguage":"ca","potentialAction":[{"@type":"ReadAction","target":["https:\/\/sgi-es.org\/ca\/homenaje-a-daisaku-ikeda-en-el-parlamento-europeo\/"]}]},{"@type":"BreadcrumbList","@id":"https:\/\/sgi-es.org\/ca\/homenaje-a-daisaku-ikeda-en-el-parlamento-europeo\/#breadcrumb","itemListElement":[{"@type":"ListItem","position":1,"name":"Portada","item":"https:\/\/sgi-es.org\/ca\/"},{"@type":"ListItem","position":2,"name":"Homenaje a Daisaku Ikeda en el Parlamento Europeo"}]},{"@type":"WebSite","@id":"https:\/\/sgi-es.org\/#website","url":"https:\/\/sgi-es.org\/","name":"SOKA GAKKAI DE ESPA\u00d1A","description":"","publisher":{"@id":"https:\/\/sgi-es.org\/#organization"},"potentialAction":[{"@type":"SearchAction","target":{"@type":"EntryPoint","urlTemplate":"https:\/\/sgi-es.org\/?s={search_term_string}"},"query-input":"required name=search_term_string"}],"inLanguage":"ca"},{"@type":"Organization","@id":"https:\/\/sgi-es.org\/#organization","name":"Soka Gakkai de Espa\u00f1a","url":"https:\/\/sgi-es.org\/","logo":{"@type":"ImageObject","inLanguage":"ca","@id":"https:\/\/sgi-es.org\/#\/schema\/logo\/image\/","url":"https:\/\/sgi-es.org\/wp-content\/uploads\/2021\/09\/soka-gakkai-espana-logo-6.png","contentUrl":"https:\/\/sgi-es.org\/wp-content\/uploads\/2021\/09\/soka-gakkai-espana-logo-6.png","width":1000,"height":152,"caption":"Soka Gakkai de Espa\u00f1a"},"image":{"@id":"https:\/\/sgi-es.org\/#\/schema\/logo\/image\/"}},{"@type":"Person","@id":"https:\/\/sgi-es.org\/#\/schema\/person\/8db076f3d444a2f2dab2d057ebb10024","name":"root_sgi-es","image":{"@type":"ImageObject","inLanguage":"ca","@id":"https:\/\/sgi-es.org\/#\/schema\/person\/image\/","url":"https:\/\/secure.gravatar.com\/avatar\/c70873858abaa50cead4e039a83317ee?s=96&d=mm&r=g","contentUrl":"https:\/\/secure.gravatar.com\/avatar\/c70873858abaa50cead4e039a83317ee?s=96&d=mm&r=g","caption":"root_sgi-es"}}]}},"_links":{"self":[{"href":"https:\/\/sgi-es.org\/ca\/wp-json\/wp\/v2\/posts\/2602","targetHints":{"allow":["GET"]}}],"collection":[{"href":"https:\/\/sgi-es.org\/ca\/wp-json\/wp\/v2\/posts"}],"about":[{"href":"https:\/\/sgi-es.org\/ca\/wp-json\/wp\/v2\/types\/post"}],"author":[{"embeddable":true,"href":"https:\/\/sgi-es.org\/ca\/wp-json\/wp\/v2\/users\/7"}],"replies":[{"embeddable":true,"href":"https:\/\/sgi-es.org\/ca\/wp-json\/wp\/v2\/comments?post=2602"}],"version-history":[{"count":2,"href":"https:\/\/sgi-es.org\/ca\/wp-json\/wp\/v2\/posts\/2602\/revisions"}],"predecessor-version":[{"id":2608,"href":"https:\/\/sgi-es.org\/ca\/wp-json\/wp\/v2\/posts\/2602\/revisions\/2608"}],"wp:featuredmedia":[{"embeddable":true,"href":"https:\/\/sgi-es.org\/ca\/wp-json\/wp\/v2\/media\/2595"}],"wp:attachment":[{"href":"https:\/\/sgi-es.org\/ca\/wp-json\/wp\/v2\/media?parent=2602"}],"wp:term":[{"taxonomy":"category","embeddable":true,"href":"https:\/\/sgi-es.org\/ca\/wp-json\/wp\/v2\/categories?post=2602"},{"taxonomy":"post_tag","embeddable":true,"href":"https:\/\/sgi-es.org\/ca\/wp-json\/wp\/v2\/tags?post=2602"}],"curies":[{"name":"wp","href":"https:\/\/api.w.org\/{rel}","templated":true}]}}