{"id":2826,"date":"2024-07-05T16:16:03","date_gmt":"2024-07-05T14:16:03","guid":{"rendered":"https:\/\/sgi-es.org\/?p=2826"},"modified":"2024-07-05T16:16:03","modified_gmt":"2024-07-05T14:16:03","slug":"celebracion-del-vesak-en-tenerife","status":"publish","type":"post","link":"https:\/\/sgi-es.org\/ca\/celebracion-del-vesak-en-tenerife\/","title":{"rendered":"Celebraci\u00f3n del Vesak en Tenerife"},"content":{"rendered":"<div>\n<p><span lang=\"ES\">El d\u00eda del plenilunio\u00a0del mes de mayo es considerado por muchas escuelas budistas como el del nacimiento, la iluminaci\u00f3n y el fallecimiento del Buda Shakyamuni. Conocido como Vesak, es reconocido\u00a0por la Asamblea de la ONU como una jornada conmemorativa para el budismo en general.<\/span><\/p>\n<\/div>\n<div>\n<p><span lang=\"ES\">El 23 de mayo, representantes de la SGEs se unieron a otras cinco comunidades budistas canarias para celebrar el Vesak en Tenerife. Como motivaci\u00f3n adicional del encuentro, cabe encuadrarlo en los pasos previos hacia el establecimiento de una delegaci\u00f3n canaria de la Uni\u00f3n Budista de Espa\u00f1a.<\/span><\/p>\n<figure id=\"attachment_2812\" aria-describedby=\"caption-attachment-2812\" style=\"width: 720px\" class=\"wp-caption aligncenter\"><img loading=\"lazy\" decoding=\"async\" class=\"size-large wp-image-2812\" src=\"https:\/\/sgi-es.org\/wp-content\/uploads\/2024\/07\/vesak-tenerife-720x427.jpg\" alt=\"\" width=\"720\" height=\"427\" srcset=\"https:\/\/sgi-es.org\/wp-content\/uploads\/2024\/07\/vesak-tenerife-720x427.jpg 720w, https:\/\/sgi-es.org\/wp-content\/uploads\/2024\/07\/vesak-tenerife-300x178.jpg 300w, https:\/\/sgi-es.org\/wp-content\/uploads\/2024\/07\/vesak-tenerife-768x455.jpg 768w, https:\/\/sgi-es.org\/wp-content\/uploads\/2024\/07\/vesak-tenerife.jpg 825w\" sizes=\"auto, (max-width: 720px) 100vw, 720px\" \/><figcaption id=\"caption-attachment-2812\" class=\"wp-caption-text\">Conmemoraci\u00f3n del Vesak por diversas escuelas budistas presentes en Canarias, incluida la Soka Gakkai (Tenerife, 23 de mayo) | Foto: Teresa Arozena<\/figcaption><\/figure>\n<\/div>\n","protected":false},"excerpt":{"rendered":"<p>El d\u00eda del plenilunio\u00a0del mes de mayo es considerado por muchas escuelas budistas como el del nacimiento, la iluminaci\u00f3n y el fallecimiento del Buda Shakyamuni. Conocido como Vesak, es reconocido\u00a0por la Asamblea de la ONU como una jornada conmemorativa para el budismo en general. El 23 de mayo, representantes de la SGEs se unieron a [&hellip;]<\/p>\n","protected":false},"author":7,"featured_media":2812,"comment_status":"closed","ping_status":"closed","sticky":false,"template":"","format":"standard","meta":{"site-sidebar-layout":"default","site-content-layout":"","ast-site-content-layout":"normal-width-container","site-content-style":"default","site-sidebar-style":"default","ast-global-header-display":"","ast-banner-title-visibility":"","ast-main-header-display":"","ast-hfb-above-header-display":"","ast-hfb-below-header-display":"","ast-hfb-mobile-header-display":"","site-post-title":"","ast-breadcrumbs-content":"","ast-featured-img":"disabled","footer-sml-layout":"","theme-transparent-header-meta":"default","adv-header-id-meta":"","stick-header-meta":"default","header-above-stick-meta":"","header-main-stick-meta":"","header-below-stick-meta":"","astra-migrate-meta-layouts":"set","ast-page-background-enabled":"default","ast-page-background-meta":{"desktop":{"background-color":"","background-image":"","background-repeat":"repeat","background-position":"center center","background-size":"auto","background-attachment":"scroll","background-type":"","background-media":"","overlay-type":"","overlay-color":"","overlay-opacity":"","overlay-gradient":""},"tablet":{"background-color":"","background-image":"","background-repeat":"repeat","background-position":"center center","background-size":"auto","background-attachment":"scroll","background-type":"","background-media":"","overlay-type":"","overlay-color":"","overlay-opacity":"","overlay-gradient":""},"mobile":{"background-color":"","background-image":"","background-repeat":"repeat","background-position":"center center","background-size":"auto","background-attachment":"scroll","background-type":"","background-media":"","overlay-type":"","overlay-color":"","overlay-opacity":"","overlay-gradient":""}},"ast-content-background-meta":{"desktop":{"background-color":"var(--ast-global-color-5)","background-image":"","background-repeat":"repeat","background-position":"center center","background-size":"auto","background-attachment":"scroll","background-type":"","background-media":"","overlay-type":"","overlay-color":"","overlay-opacity":"","overlay-gradient":""},"tablet":{"background-color":"var(--ast-global-color-5)","background-image":"","background-repeat":"repeat","background-position":"center center","background-size":"auto","background-attachment":"scroll","background-type":"","background-media":"","overlay-type":"","overlay-color":"","overlay-opacity":"","overlay-gradient":""},"mobile":{"background-color":"var(--ast-global-color-5)","background-image":"","background-repeat":"repeat","background-position":"center center","background-size":"auto","background-attachment":"scroll","background-type":"","background-media":"","overlay-type":"","overlay-color":"","overlay-opacity":"","overlay-gradient":""}},"footnotes":""},"categories":[55],"tags":[],"class_list":["post-2826","post","type-post","status-publish","format-standard","has-post-thumbnail","hentry","category-noticias-3"],"yoast_head":"<!-- This site is optimized with the Yoast SEO plugin v22.0 - https:\/\/yoast.com\/wordpress\/plugins\/seo\/ -->\n<title>Celebraci\u00f3n del Vesak en Tenerife - SOKA GAKKAI DE ESPA\u00d1A<\/title>\n<meta name=\"robots\" content=\"noindex, follow\" \/>\n<meta property=\"og:locale\" content=\"ca_ES\" \/>\n<meta property=\"og:type\" content=\"article\" \/>\n<meta property=\"og:title\" content=\"Celebraci\u00f3n del Vesak en Tenerife - SOKA GAKKAI DE ESPA\u00d1A\" \/>\n<meta property=\"og:description\" content=\"El d\u00eda del plenilunio\u00a0del mes de mayo es considerado por muchas escuelas budistas como el del nacimiento, la iluminaci\u00f3n y el fallecimiento del Buda Shakyamuni. Conocido como Vesak, es reconocido\u00a0por la Asamblea de la ONU como una jornada conmemorativa para el budismo en general. El 23 de mayo, representantes de la SGEs se unieron a [&hellip;]\" \/>\n<meta property=\"og:url\" content=\"https:\/\/sgi-es.org\/ca\/celebracion-del-vesak-en-tenerife\/\" \/>\n<meta property=\"og:site_name\" content=\"SOKA GAKKAI DE ESPA\u00d1A\" \/>\n<meta property=\"article:published_time\" content=\"2024-07-05T14:16:03+00:00\" \/>\n<meta property=\"og:image\" content=\"https:\/\/sgi-es.org\/wp-content\/uploads\/2024\/07\/vesak-tenerife.jpg\" \/>\n\t<meta property=\"og:image:width\" content=\"825\" \/>\n\t<meta property=\"og:image:height\" content=\"489\" \/>\n\t<meta property=\"og:image:type\" content=\"image\/jpeg\" \/>\n<meta name=\"author\" content=\"root_sgi-es\" \/>\n<meta name=\"twitter:card\" content=\"summary_large_image\" \/>\n<meta name=\"twitter:label1\" content=\"Escrit per\" \/>\n\t<meta name=\"twitter:data1\" content=\"root_sgi-es\" \/>\n\t<meta name=\"twitter:label2\" content=\"Temps estimat de lectura\" \/>\n\t<meta name=\"twitter:data2\" content=\"1 minut\" \/>\n<script type=\"application\/ld+json\" class=\"yoast-schema-graph\">{\"@context\":\"https:\/\/schema.org\",\"@graph\":[{\"@type\":\"Article\",\"@id\":\"https:\/\/sgi-es.org\/ca\/celebracion-del-vesak-en-tenerife\/#article\",\"isPartOf\":{\"@id\":\"https:\/\/sgi-es.org\/ca\/celebracion-del-vesak-en-tenerife\/\"},\"author\":{\"name\":\"root_sgi-es\",\"@id\":\"https:\/\/sgi-es.org\/#\/schema\/person\/8db076f3d444a2f2dab2d057ebb10024\"},\"headline\":\"Celebraci\u00f3n del Vesak en Tenerife\",\"datePublished\":\"2024-07-05T14:16:03+00:00\",\"dateModified\":\"2024-07-05T14:16:03+00:00\",\"mainEntityOfPage\":{\"@id\":\"https:\/\/sgi-es.org\/ca\/celebracion-del-vesak-en-tenerife\/\"},\"wordCount\":131,\"publisher\":{\"@id\":\"https:\/\/sgi-es.org\/#organization\"},\"articleSection\":[\"Noticias\"],\"inLanguage\":\"ca\"},{\"@type\":\"WebPage\",\"@id\":\"https:\/\/sgi-es.org\/ca\/celebracion-del-vesak-en-tenerife\/\",\"url\":\"https:\/\/sgi-es.org\/ca\/celebracion-del-vesak-en-tenerife\/\",\"name\":\"Celebraci\u00f3n del Vesak en Tenerife - SOKA GAKKAI DE ESPA\u00d1A\",\"isPartOf\":{\"@id\":\"https:\/\/sgi-es.org\/#website\"},\"datePublished\":\"2024-07-05T14:16:03+00:00\",\"dateModified\":\"2024-07-05T14:16:03+00:00\",\"breadcrumb\":{\"@id\":\"https:\/\/sgi-es.org\/ca\/celebracion-del-vesak-en-tenerife\/#breadcrumb\"},\"inLanguage\":\"ca\",\"potentialAction\":[{\"@type\":\"ReadAction\",\"target\":[\"https:\/\/sgi-es.org\/ca\/celebracion-del-vesak-en-tenerife\/\"]}]},{\"@type\":\"BreadcrumbList\",\"@id\":\"https:\/\/sgi-es.org\/ca\/celebracion-del-vesak-en-tenerife\/#breadcrumb\",\"itemListElement\":[{\"@type\":\"ListItem\",\"position\":1,\"name\":\"Portada\",\"item\":\"https:\/\/sgi-es.org\/ca\/\"},{\"@type\":\"ListItem\",\"position\":2,\"name\":\"Celebraci\u00f3n del Vesak en Tenerife\"}]},{\"@type\":\"WebSite\",\"@id\":\"https:\/\/sgi-es.org\/#website\",\"url\":\"https:\/\/sgi-es.org\/\",\"name\":\"SOKA GAKKAI DE ESPA\u00d1A\",\"description\":\"\",\"publisher\":{\"@id\":\"https:\/\/sgi-es.org\/#organization\"},\"potentialAction\":[{\"@type\":\"SearchAction\",\"target\":{\"@type\":\"EntryPoint\",\"urlTemplate\":\"https:\/\/sgi-es.org\/?s={search_term_string}\"},\"query-input\":\"required name=search_term_string\"}],\"inLanguage\":\"ca\"},{\"@type\":\"Organization\",\"@id\":\"https:\/\/sgi-es.org\/#organization\",\"name\":\"Soka Gakkai de Espa\u00f1a\",\"url\":\"https:\/\/sgi-es.org\/\",\"logo\":{\"@type\":\"ImageObject\",\"inLanguage\":\"ca\",\"@id\":\"https:\/\/sgi-es.org\/#\/schema\/logo\/image\/\",\"url\":\"https:\/\/sgi-es.org\/wp-content\/uploads\/2021\/09\/soka-gakkai-espana-logo-6.png\",\"contentUrl\":\"https:\/\/sgi-es.org\/wp-content\/uploads\/2021\/09\/soka-gakkai-espana-logo-6.png\",\"width\":1000,\"height\":152,\"caption\":\"Soka Gakkai de Espa\u00f1a\"},\"image\":{\"@id\":\"https:\/\/sgi-es.org\/#\/schema\/logo\/image\/\"}},{\"@type\":\"Person\",\"@id\":\"https:\/\/sgi-es.org\/#\/schema\/person\/8db076f3d444a2f2dab2d057ebb10024\",\"name\":\"root_sgi-es\",\"image\":{\"@type\":\"ImageObject\",\"inLanguage\":\"ca\",\"@id\":\"https:\/\/sgi-es.org\/#\/schema\/person\/image\/\",\"url\":\"https:\/\/secure.gravatar.com\/avatar\/c70873858abaa50cead4e039a83317ee?s=96&d=mm&r=g\",\"contentUrl\":\"https:\/\/secure.gravatar.com\/avatar\/c70873858abaa50cead4e039a83317ee?s=96&d=mm&r=g\",\"caption\":\"root_sgi-es\"}}]}<\/script>\n<!-- \/ Yoast SEO plugin. -->","yoast_head_json":{"title":"Celebraci\u00f3n del Vesak en Tenerife - SOKA GAKKAI DE ESPA\u00d1A","robots":{"index":"noindex","follow":"follow"},"og_locale":"ca_ES","og_type":"article","og_title":"Celebraci\u00f3n del Vesak en Tenerife - SOKA GAKKAI DE ESPA\u00d1A","og_description":"El d\u00eda del plenilunio\u00a0del mes de mayo es considerado por muchas escuelas budistas como el del nacimiento, la iluminaci\u00f3n y el fallecimiento del Buda Shakyamuni. Conocido como Vesak, es reconocido\u00a0por la Asamblea de la ONU como una jornada conmemorativa para el budismo en general. El 23 de mayo, representantes de la SGEs se unieron a [&hellip;]","og_url":"https:\/\/sgi-es.org\/ca\/celebracion-del-vesak-en-tenerife\/","og_site_name":"SOKA GAKKAI DE ESPA\u00d1A","article_published_time":"2024-07-05T14:16:03+00:00","og_image":[{"width":825,"height":489,"url":"https:\/\/sgi-es.org\/wp-content\/uploads\/2024\/07\/vesak-tenerife.jpg","type":"image\/jpeg"}],"author":"root_sgi-es","twitter_card":"summary_large_image","twitter_misc":{"Escrit per":"root_sgi-es","Temps estimat de lectura":"1 minut"},"schema":{"@context":"https:\/\/schema.org","@graph":[{"@type":"Article","@id":"https:\/\/sgi-es.org\/ca\/celebracion-del-vesak-en-tenerife\/#article","isPartOf":{"@id":"https:\/\/sgi-es.org\/ca\/celebracion-del-vesak-en-tenerife\/"},"author":{"name":"root_sgi-es","@id":"https:\/\/sgi-es.org\/#\/schema\/person\/8db076f3d444a2f2dab2d057ebb10024"},"headline":"Celebraci\u00f3n del Vesak en Tenerife","datePublished":"2024-07-05T14:16:03+00:00","dateModified":"2024-07-05T14:16:03+00:00","mainEntityOfPage":{"@id":"https:\/\/sgi-es.org\/ca\/celebracion-del-vesak-en-tenerife\/"},"wordCount":131,"publisher":{"@id":"https:\/\/sgi-es.org\/#organization"},"articleSection":["Noticias"],"inLanguage":"ca"},{"@type":"WebPage","@id":"https:\/\/sgi-es.org\/ca\/celebracion-del-vesak-en-tenerife\/","url":"https:\/\/sgi-es.org\/ca\/celebracion-del-vesak-en-tenerife\/","name":"Celebraci\u00f3n del Vesak en Tenerife - SOKA GAKKAI DE ESPA\u00d1A","isPartOf":{"@id":"https:\/\/sgi-es.org\/#website"},"datePublished":"2024-07-05T14:16:03+00:00","dateModified":"2024-07-05T14:16:03+00:00","breadcrumb":{"@id":"https:\/\/sgi-es.org\/ca\/celebracion-del-vesak-en-tenerife\/#breadcrumb"},"inLanguage":"ca","potentialAction":[{"@type":"ReadAction","target":["https:\/\/sgi-es.org\/ca\/celebracion-del-vesak-en-tenerife\/"]}]},{"@type":"BreadcrumbList","@id":"https:\/\/sgi-es.org\/ca\/celebracion-del-vesak-en-tenerife\/#breadcrumb","itemListElement":[{"@type":"ListItem","position":1,"name":"Portada","item":"https:\/\/sgi-es.org\/ca\/"},{"@type":"ListItem","position":2,"name":"Celebraci\u00f3n del Vesak en Tenerife"}]},{"@type":"WebSite","@id":"https:\/\/sgi-es.org\/#website","url":"https:\/\/sgi-es.org\/","name":"SOKA GAKKAI DE ESPA\u00d1A","description":"","publisher":{"@id":"https:\/\/sgi-es.org\/#organization"},"potentialAction":[{"@type":"SearchAction","target":{"@type":"EntryPoint","urlTemplate":"https:\/\/sgi-es.org\/?s={search_term_string}"},"query-input":"required name=search_term_string"}],"inLanguage":"ca"},{"@type":"Organization","@id":"https:\/\/sgi-es.org\/#organization","name":"Soka Gakkai de Espa\u00f1a","url":"https:\/\/sgi-es.org\/","logo":{"@type":"ImageObject","inLanguage":"ca","@id":"https:\/\/sgi-es.org\/#\/schema\/logo\/image\/","url":"https:\/\/sgi-es.org\/wp-content\/uploads\/2021\/09\/soka-gakkai-espana-logo-6.png","contentUrl":"https:\/\/sgi-es.org\/wp-content\/uploads\/2021\/09\/soka-gakkai-espana-logo-6.png","width":1000,"height":152,"caption":"Soka Gakkai de Espa\u00f1a"},"image":{"@id":"https:\/\/sgi-es.org\/#\/schema\/logo\/image\/"}},{"@type":"Person","@id":"https:\/\/sgi-es.org\/#\/schema\/person\/8db076f3d444a2f2dab2d057ebb10024","name":"root_sgi-es","image":{"@type":"ImageObject","inLanguage":"ca","@id":"https:\/\/sgi-es.org\/#\/schema\/person\/image\/","url":"https:\/\/secure.gravatar.com\/avatar\/c70873858abaa50cead4e039a83317ee?s=96&d=mm&r=g","contentUrl":"https:\/\/secure.gravatar.com\/avatar\/c70873858abaa50cead4e039a83317ee?s=96&d=mm&r=g","caption":"root_sgi-es"}}]}},"_links":{"self":[{"href":"https:\/\/sgi-es.org\/ca\/wp-json\/wp\/v2\/posts\/2826","targetHints":{"allow":["GET"]}}],"collection":[{"href":"https:\/\/sgi-es.org\/ca\/wp-json\/wp\/v2\/posts"}],"about":[{"href":"https:\/\/sgi-es.org\/ca\/wp-json\/wp\/v2\/types\/post"}],"author":[{"embeddable":true,"href":"https:\/\/sgi-es.org\/ca\/wp-json\/wp\/v2\/users\/7"}],"replies":[{"embeddable":true,"href":"https:\/\/sgi-es.org\/ca\/wp-json\/wp\/v2\/comments?post=2826"}],"version-history":[{"count":1,"href":"https:\/\/sgi-es.org\/ca\/wp-json\/wp\/v2\/posts\/2826\/revisions"}],"predecessor-version":[{"id":2827,"href":"https:\/\/sgi-es.org\/ca\/wp-json\/wp\/v2\/posts\/2826\/revisions\/2827"}],"wp:featuredmedia":[{"embeddable":true,"href":"https:\/\/sgi-es.org\/ca\/wp-json\/wp\/v2\/media\/2812"}],"wp:attachment":[{"href":"https:\/\/sgi-es.org\/ca\/wp-json\/wp\/v2\/media?parent=2826"}],"wp:term":[{"taxonomy":"category","embeddable":true,"href":"https:\/\/sgi-es.org\/ca\/wp-json\/wp\/v2\/categories?post=2826"},{"taxonomy":"post_tag","embeddable":true,"href":"https:\/\/sgi-es.org\/ca\/wp-json\/wp\/v2\/tags?post=2826"}],"curies":[{"name":"wp","href":"https:\/\/api.w.org\/{rel}","templated":true}]}}