{"id":3146,"date":"2024-12-11T17:38:24","date_gmt":"2024-12-11T16:38:24","guid":{"rendered":"https:\/\/sgi-es.org\/?p=3146"},"modified":"2024-12-11T17:38:24","modified_gmt":"2024-12-11T16:38:24","slug":"xii-jornada-para-una-educacion-creativa","status":"publish","type":"post","link":"https:\/\/sgi-es.org\/ca\/xii-jornada-para-una-educacion-creativa\/","title":{"rendered":"XII Jornada para una Educaci\u00f3n Creativa"},"content":{"rendered":"<p>\u00abEn nuestro interior se esconde un prodigioso caudal de capacidades por desarrollar y utilizar\u00bb, afirm\u00f3 Aurelio Peccei en uno de los di\u00e1logos que mantuvo con Daisaku Ikeda. Para describir el cultivo del potencial inherente a la vida de las personas, ambos emplearon el t\u00e9rmino \u00abrevoluci\u00f3n humana\u00bb.<\/p>\n<p>Este fue el punto de partida de la intervenci\u00f3n de Ana Bel\u00e9n Garc\u00eda Varela, subdirectora del Instituto Ikeda, en el marco de la XII Jornada para una Educaci\u00f3n Creativa, organizada por el Departamento de Educadores de la SGEs. Con el lema \u00abEducaci\u00f3n para despertar el potencial ilimitado\u00bb, que resuena con la cita, la jornada tuvo lugar el s\u00e1bado 2 de noviembre en el Campus de la Ciutadella de la Universitat Pompeu Fabra, en Barcelona, y reuni\u00f3 a 121 personas (51 presentes y 70 en l\u00ednea).<\/p>\n<p>El director general de la SGEs, Enrique Caputo, pronunci\u00f3 unas palabras en la apertura, a la que sigui\u00f3 una primera mesa, con el t\u00edtulo \u00abSer agentes de cambio en una corriente educativa transformadora\u00bb, que fue aquella en la que intervino Garc\u00eda Varela para reflexionar acerca de la educaci\u00f3n a partir del legado de Daisaku Ikeda. Posteriormente, Dora Fern\u00e1ndez, Laura Pe\u00f1a y Xavier Rubi\u00f3, del equipo organizador, moderaron un enriquecedor espacio de preguntas y respuestas.<\/p>\n<p>Una segunda mesa tuvo el t\u00edtulo \u00abCreando valor: Intervenciones educativas transformadoras\u00bb. En ella, Miguel Gil comparti\u00f3 una experiencia de implementaci\u00f3n del proyecto educativo L\u00d3VA, que hace de la \u00f3pera un veh\u00edculo de aprendizaje, y Mitsuko Matsumoto present\u00f3 una investigaci\u00f3n de las pr\u00e1cticas digitales de ni\u00f1os, ni\u00f1as y j\u00f3venes en TikTok.<\/p>\n<p>A continuaci\u00f3n, como es tradici\u00f3n en estas jornadas, los participantes se reunieron en grupos para compartir sus propias experiencias transformadoras y reflexionar sobre el reto de educar en la creaci\u00f3n de valor.<\/p>\n<figure id=\"attachment_3128\" aria-describedby=\"caption-attachment-3128\" style=\"width: 720px\" class=\"wp-caption aligncenter\"><img loading=\"lazy\" decoding=\"async\" class=\"size-large wp-image-3128\" src=\"https:\/\/sgi-es.org\/wp-content\/uploads\/2024\/12\/xii-jornada-edu-crea-revista-cg-720x480.jpg\" alt=\"\" width=\"720\" height=\"480\" srcset=\"https:\/\/sgi-es.org\/wp-content\/uploads\/2024\/12\/xii-jornada-edu-crea-revista-cg-720x480.jpg 720w, https:\/\/sgi-es.org\/wp-content\/uploads\/2024\/12\/xii-jornada-edu-crea-revista-cg-300x200.jpg 300w, https:\/\/sgi-es.org\/wp-content\/uploads\/2024\/12\/xii-jornada-edu-crea-revista-cg-768x512.jpg 768w, https:\/\/sgi-es.org\/wp-content\/uploads\/2024\/12\/xii-jornada-edu-crea-revista-cg.jpg 825w\" sizes=\"auto, (max-width: 720px) 100vw, 720px\" \/><figcaption id=\"caption-attachment-3128\" class=\"wp-caption-text\">Grupos de di\u00e1logo presenciales en la XII Jornada para una Educaci\u00f3n Creativa, en el Campus de Ciutadella de la UPF | Foto: Sebasti\u00e0 Vilanova<\/figcaption><\/figure>\n<p>Inspirados, entusiasmados y con ganas ya de reencontrarse en pr\u00f3ximas oportunidades, los asistentes escucharon a Alain Gonz\u00e1lez, responsable del Departamento de Educadores de la SGEs, quien en su alegato de clausura recalc\u00f3 la importancia de la educaci\u00f3n citando a Daisaku Ikeda: \u00abHay un n\u00famero de medidas a corto plazo que pueden instrumentarse para combatir la violencia [\u2026], pero la \u00fanica soluci\u00f3n viable y esencial a largo plazo est\u00e1 en la educaci\u00f3n. No hay m\u00e1s alternativa que educar a las personas para que adquieran los valores humanitarios m\u00e1s elevados y las nociones m\u00e1s correctas sobre la vida, pues as\u00ed se podr\u00e1 construir un cimiento de paz y estabilidad para el g\u00e9nero humano en esta \u00e9poca de cambio tumultuoso\u00bb.<\/p>\n","protected":false},"excerpt":{"rendered":"<p>\u00abEn nuestro interior se esconde un prodigioso caudal de capacidades por desarrollar y utilizar\u00bb, afirm\u00f3 Aurelio Peccei en uno de los di\u00e1logos que mantuvo con Daisaku Ikeda. Para describir el cultivo del potencial inherente a la vida de las personas, ambos emplearon el t\u00e9rmino \u00abrevoluci\u00f3n humana\u00bb. Este fue el punto de partida de la intervenci\u00f3n [&hellip;]<\/p>\n","protected":false},"author":7,"featured_media":3128,"comment_status":"closed","ping_status":"closed","sticky":false,"template":"","format":"standard","meta":{"site-sidebar-layout":"default","site-content-layout":"","ast-site-content-layout":"normal-width-container","site-content-style":"default","site-sidebar-style":"default","ast-global-header-display":"","ast-banner-title-visibility":"","ast-main-header-display":"","ast-hfb-above-header-display":"","ast-hfb-below-header-display":"","ast-hfb-mobile-header-display":"","site-post-title":"","ast-breadcrumbs-content":"","ast-featured-img":"disabled","footer-sml-layout":"","theme-transparent-header-meta":"default","adv-header-id-meta":"","stick-header-meta":"default","header-above-stick-meta":"","header-main-stick-meta":"","header-below-stick-meta":"","astra-migrate-meta-layouts":"set","ast-page-background-enabled":"default","ast-page-background-meta":{"desktop":{"background-color":"","background-image":"","background-repeat":"repeat","background-position":"center center","background-size":"auto","background-attachment":"scroll","background-type":"","background-media":"","overlay-type":"","overlay-color":"","overlay-opacity":"","overlay-gradient":""},"tablet":{"background-color":"","background-image":"","background-repeat":"repeat","background-position":"center center","background-size":"auto","background-attachment":"scroll","background-type":"","background-media":"","overlay-type":"","overlay-color":"","overlay-opacity":"","overlay-gradient":""},"mobile":{"background-color":"","background-image":"","background-repeat":"repeat","background-position":"center center","background-size":"auto","background-attachment":"scroll","background-type":"","background-media":"","overlay-type":"","overlay-color":"","overlay-opacity":"","overlay-gradient":""}},"ast-content-background-meta":{"desktop":{"background-color":"var(--ast-global-color-5)","background-image":"","background-repeat":"repeat","background-position":"center center","background-size":"auto","background-attachment":"scroll","background-type":"","background-media":"","overlay-type":"","overlay-color":"","overlay-opacity":"","overlay-gradient":""},"tablet":{"background-color":"var(--ast-global-color-5)","background-image":"","background-repeat":"repeat","background-position":"center center","background-size":"auto","background-attachment":"scroll","background-type":"","background-media":"","overlay-type":"","overlay-color":"","overlay-opacity":"","overlay-gradient":""},"mobile":{"background-color":"var(--ast-global-color-5)","background-image":"","background-repeat":"repeat","background-position":"center center","background-size":"auto","background-attachment":"scroll","background-type":"","background-media":"","overlay-type":"","overlay-color":"","overlay-opacity":"","overlay-gradient":""}},"footnotes":""},"categories":[55],"tags":[],"class_list":["post-3146","post","type-post","status-publish","format-standard","has-post-thumbnail","hentry","category-noticias-3"],"yoast_head":"<!-- This site is optimized with the Yoast SEO plugin v22.0 - https:\/\/yoast.com\/wordpress\/plugins\/seo\/ -->\n<title>XII Jornada para una Educaci\u00f3n Creativa - SOKA GAKKAI DE ESPA\u00d1A<\/title>\n<meta name=\"robots\" content=\"noindex, follow\" \/>\n<meta property=\"og:locale\" content=\"ca_ES\" \/>\n<meta property=\"og:type\" content=\"article\" \/>\n<meta property=\"og:title\" content=\"XII Jornada para una Educaci\u00f3n Creativa - SOKA GAKKAI DE ESPA\u00d1A\" \/>\n<meta property=\"og:description\" content=\"\u00abEn nuestro interior se esconde un prodigioso caudal de capacidades por desarrollar y utilizar\u00bb, afirm\u00f3 Aurelio Peccei en uno de los di\u00e1logos que mantuvo con Daisaku Ikeda. Para describir el cultivo del potencial inherente a la vida de las personas, ambos emplearon el t\u00e9rmino \u00abrevoluci\u00f3n humana\u00bb. Este fue el punto de partida de la intervenci\u00f3n [&hellip;]\" \/>\n<meta property=\"og:url\" content=\"https:\/\/sgi-es.org\/ca\/xii-jornada-para-una-educacion-creativa\/\" \/>\n<meta property=\"og:site_name\" content=\"SOKA GAKKAI DE ESPA\u00d1A\" \/>\n<meta property=\"article:published_time\" content=\"2024-12-11T16:38:24+00:00\" \/>\n<meta property=\"og:image\" content=\"https:\/\/sgi-es.org\/wp-content\/uploads\/2024\/12\/xii-jornada-edu-crea-revista-cg.jpg\" \/>\n\t<meta property=\"og:image:width\" content=\"825\" \/>\n\t<meta property=\"og:image:height\" content=\"550\" \/>\n\t<meta property=\"og:image:type\" content=\"image\/jpeg\" \/>\n<meta name=\"author\" content=\"root_sgi-es\" \/>\n<meta name=\"twitter:card\" content=\"summary_large_image\" \/>\n<meta name=\"twitter:label1\" content=\"Escrit per\" \/>\n\t<meta name=\"twitter:data1\" content=\"root_sgi-es\" \/>\n\t<meta name=\"twitter:label2\" content=\"Temps estimat de lectura\" \/>\n\t<meta name=\"twitter:data2\" content=\"3 minuts\" \/>\n<script type=\"application\/ld+json\" class=\"yoast-schema-graph\">{\"@context\":\"https:\/\/schema.org\",\"@graph\":[{\"@type\":\"Article\",\"@id\":\"https:\/\/sgi-es.org\/ca\/xii-jornada-para-una-educacion-creativa\/#article\",\"isPartOf\":{\"@id\":\"https:\/\/sgi-es.org\/ca\/xii-jornada-para-una-educacion-creativa\/\"},\"author\":{\"name\":\"root_sgi-es\",\"@id\":\"https:\/\/sgi-es.org\/#\/schema\/person\/8db076f3d444a2f2dab2d057ebb10024\"},\"headline\":\"XII Jornada para una Educaci\u00f3n Creativa\",\"datePublished\":\"2024-12-11T16:38:24+00:00\",\"dateModified\":\"2024-12-11T16:38:24+00:00\",\"mainEntityOfPage\":{\"@id\":\"https:\/\/sgi-es.org\/ca\/xii-jornada-para-una-educacion-creativa\/\"},\"wordCount\":475,\"publisher\":{\"@id\":\"https:\/\/sgi-es.org\/#organization\"},\"articleSection\":[\"Noticias\"],\"inLanguage\":\"ca\"},{\"@type\":\"WebPage\",\"@id\":\"https:\/\/sgi-es.org\/ca\/xii-jornada-para-una-educacion-creativa\/\",\"url\":\"https:\/\/sgi-es.org\/ca\/xii-jornada-para-una-educacion-creativa\/\",\"name\":\"XII Jornada para una Educaci\u00f3n Creativa - SOKA GAKKAI DE ESPA\u00d1A\",\"isPartOf\":{\"@id\":\"https:\/\/sgi-es.org\/#website\"},\"datePublished\":\"2024-12-11T16:38:24+00:00\",\"dateModified\":\"2024-12-11T16:38:24+00:00\",\"breadcrumb\":{\"@id\":\"https:\/\/sgi-es.org\/ca\/xii-jornada-para-una-educacion-creativa\/#breadcrumb\"},\"inLanguage\":\"ca\",\"potentialAction\":[{\"@type\":\"ReadAction\",\"target\":[\"https:\/\/sgi-es.org\/ca\/xii-jornada-para-una-educacion-creativa\/\"]}]},{\"@type\":\"BreadcrumbList\",\"@id\":\"https:\/\/sgi-es.org\/ca\/xii-jornada-para-una-educacion-creativa\/#breadcrumb\",\"itemListElement\":[{\"@type\":\"ListItem\",\"position\":1,\"name\":\"Portada\",\"item\":\"https:\/\/sgi-es.org\/ca\/\"},{\"@type\":\"ListItem\",\"position\":2,\"name\":\"XII Jornada para una Educaci\u00f3n Creativa\"}]},{\"@type\":\"WebSite\",\"@id\":\"https:\/\/sgi-es.org\/#website\",\"url\":\"https:\/\/sgi-es.org\/\",\"name\":\"SOKA GAKKAI DE ESPA\u00d1A\",\"description\":\"\",\"publisher\":{\"@id\":\"https:\/\/sgi-es.org\/#organization\"},\"potentialAction\":[{\"@type\":\"SearchAction\",\"target\":{\"@type\":\"EntryPoint\",\"urlTemplate\":\"https:\/\/sgi-es.org\/?s={search_term_string}\"},\"query-input\":\"required name=search_term_string\"}],\"inLanguage\":\"ca\"},{\"@type\":\"Organization\",\"@id\":\"https:\/\/sgi-es.org\/#organization\",\"name\":\"Soka Gakkai de Espa\u00f1a\",\"url\":\"https:\/\/sgi-es.org\/\",\"logo\":{\"@type\":\"ImageObject\",\"inLanguage\":\"ca\",\"@id\":\"https:\/\/sgi-es.org\/#\/schema\/logo\/image\/\",\"url\":\"https:\/\/sgi-es.org\/wp-content\/uploads\/2021\/09\/soka-gakkai-espana-logo-6.png\",\"contentUrl\":\"https:\/\/sgi-es.org\/wp-content\/uploads\/2021\/09\/soka-gakkai-espana-logo-6.png\",\"width\":1000,\"height\":152,\"caption\":\"Soka Gakkai de Espa\u00f1a\"},\"image\":{\"@id\":\"https:\/\/sgi-es.org\/#\/schema\/logo\/image\/\"}},{\"@type\":\"Person\",\"@id\":\"https:\/\/sgi-es.org\/#\/schema\/person\/8db076f3d444a2f2dab2d057ebb10024\",\"name\":\"root_sgi-es\",\"image\":{\"@type\":\"ImageObject\",\"inLanguage\":\"ca\",\"@id\":\"https:\/\/sgi-es.org\/#\/schema\/person\/image\/\",\"url\":\"https:\/\/secure.gravatar.com\/avatar\/c70873858abaa50cead4e039a83317ee?s=96&d=mm&r=g\",\"contentUrl\":\"https:\/\/secure.gravatar.com\/avatar\/c70873858abaa50cead4e039a83317ee?s=96&d=mm&r=g\",\"caption\":\"root_sgi-es\"}}]}<\/script>\n<!-- \/ Yoast SEO plugin. -->","yoast_head_json":{"title":"XII Jornada para una Educaci\u00f3n Creativa - SOKA GAKKAI DE ESPA\u00d1A","robots":{"index":"noindex","follow":"follow"},"og_locale":"ca_ES","og_type":"article","og_title":"XII Jornada para una Educaci\u00f3n Creativa - SOKA GAKKAI DE ESPA\u00d1A","og_description":"\u00abEn nuestro interior se esconde un prodigioso caudal de capacidades por desarrollar y utilizar\u00bb, afirm\u00f3 Aurelio Peccei en uno de los di\u00e1logos que mantuvo con Daisaku Ikeda. Para describir el cultivo del potencial inherente a la vida de las personas, ambos emplearon el t\u00e9rmino \u00abrevoluci\u00f3n humana\u00bb. Este fue el punto de partida de la intervenci\u00f3n [&hellip;]","og_url":"https:\/\/sgi-es.org\/ca\/xii-jornada-para-una-educacion-creativa\/","og_site_name":"SOKA GAKKAI DE ESPA\u00d1A","article_published_time":"2024-12-11T16:38:24+00:00","og_image":[{"width":825,"height":550,"url":"https:\/\/sgi-es.org\/wp-content\/uploads\/2024\/12\/xii-jornada-edu-crea-revista-cg.jpg","type":"image\/jpeg"}],"author":"root_sgi-es","twitter_card":"summary_large_image","twitter_misc":{"Escrit per":"root_sgi-es","Temps estimat de lectura":"3 minuts"},"schema":{"@context":"https:\/\/schema.org","@graph":[{"@type":"Article","@id":"https:\/\/sgi-es.org\/ca\/xii-jornada-para-una-educacion-creativa\/#article","isPartOf":{"@id":"https:\/\/sgi-es.org\/ca\/xii-jornada-para-una-educacion-creativa\/"},"author":{"name":"root_sgi-es","@id":"https:\/\/sgi-es.org\/#\/schema\/person\/8db076f3d444a2f2dab2d057ebb10024"},"headline":"XII Jornada para una Educaci\u00f3n Creativa","datePublished":"2024-12-11T16:38:24+00:00","dateModified":"2024-12-11T16:38:24+00:00","mainEntityOfPage":{"@id":"https:\/\/sgi-es.org\/ca\/xii-jornada-para-una-educacion-creativa\/"},"wordCount":475,"publisher":{"@id":"https:\/\/sgi-es.org\/#organization"},"articleSection":["Noticias"],"inLanguage":"ca"},{"@type":"WebPage","@id":"https:\/\/sgi-es.org\/ca\/xii-jornada-para-una-educacion-creativa\/","url":"https:\/\/sgi-es.org\/ca\/xii-jornada-para-una-educacion-creativa\/","name":"XII Jornada para una Educaci\u00f3n Creativa - SOKA GAKKAI DE ESPA\u00d1A","isPartOf":{"@id":"https:\/\/sgi-es.org\/#website"},"datePublished":"2024-12-11T16:38:24+00:00","dateModified":"2024-12-11T16:38:24+00:00","breadcrumb":{"@id":"https:\/\/sgi-es.org\/ca\/xii-jornada-para-una-educacion-creativa\/#breadcrumb"},"inLanguage":"ca","potentialAction":[{"@type":"ReadAction","target":["https:\/\/sgi-es.org\/ca\/xii-jornada-para-una-educacion-creativa\/"]}]},{"@type":"BreadcrumbList","@id":"https:\/\/sgi-es.org\/ca\/xii-jornada-para-una-educacion-creativa\/#breadcrumb","itemListElement":[{"@type":"ListItem","position":1,"name":"Portada","item":"https:\/\/sgi-es.org\/ca\/"},{"@type":"ListItem","position":2,"name":"XII Jornada para una Educaci\u00f3n Creativa"}]},{"@type":"WebSite","@id":"https:\/\/sgi-es.org\/#website","url":"https:\/\/sgi-es.org\/","name":"SOKA GAKKAI DE ESPA\u00d1A","description":"","publisher":{"@id":"https:\/\/sgi-es.org\/#organization"},"potentialAction":[{"@type":"SearchAction","target":{"@type":"EntryPoint","urlTemplate":"https:\/\/sgi-es.org\/?s={search_term_string}"},"query-input":"required name=search_term_string"}],"inLanguage":"ca"},{"@type":"Organization","@id":"https:\/\/sgi-es.org\/#organization","name":"Soka Gakkai de Espa\u00f1a","url":"https:\/\/sgi-es.org\/","logo":{"@type":"ImageObject","inLanguage":"ca","@id":"https:\/\/sgi-es.org\/#\/schema\/logo\/image\/","url":"https:\/\/sgi-es.org\/wp-content\/uploads\/2021\/09\/soka-gakkai-espana-logo-6.png","contentUrl":"https:\/\/sgi-es.org\/wp-content\/uploads\/2021\/09\/soka-gakkai-espana-logo-6.png","width":1000,"height":152,"caption":"Soka Gakkai de Espa\u00f1a"},"image":{"@id":"https:\/\/sgi-es.org\/#\/schema\/logo\/image\/"}},{"@type":"Person","@id":"https:\/\/sgi-es.org\/#\/schema\/person\/8db076f3d444a2f2dab2d057ebb10024","name":"root_sgi-es","image":{"@type":"ImageObject","inLanguage":"ca","@id":"https:\/\/sgi-es.org\/#\/schema\/person\/image\/","url":"https:\/\/secure.gravatar.com\/avatar\/c70873858abaa50cead4e039a83317ee?s=96&d=mm&r=g","contentUrl":"https:\/\/secure.gravatar.com\/avatar\/c70873858abaa50cead4e039a83317ee?s=96&d=mm&r=g","caption":"root_sgi-es"}}]}},"_links":{"self":[{"href":"https:\/\/sgi-es.org\/ca\/wp-json\/wp\/v2\/posts\/3146","targetHints":{"allow":["GET"]}}],"collection":[{"href":"https:\/\/sgi-es.org\/ca\/wp-json\/wp\/v2\/posts"}],"about":[{"href":"https:\/\/sgi-es.org\/ca\/wp-json\/wp\/v2\/types\/post"}],"author":[{"embeddable":true,"href":"https:\/\/sgi-es.org\/ca\/wp-json\/wp\/v2\/users\/7"}],"replies":[{"embeddable":true,"href":"https:\/\/sgi-es.org\/ca\/wp-json\/wp\/v2\/comments?post=3146"}],"version-history":[{"count":2,"href":"https:\/\/sgi-es.org\/ca\/wp-json\/wp\/v2\/posts\/3146\/revisions"}],"predecessor-version":[{"id":3148,"href":"https:\/\/sgi-es.org\/ca\/wp-json\/wp\/v2\/posts\/3146\/revisions\/3148"}],"wp:featuredmedia":[{"embeddable":true,"href":"https:\/\/sgi-es.org\/ca\/wp-json\/wp\/v2\/media\/3128"}],"wp:attachment":[{"href":"https:\/\/sgi-es.org\/ca\/wp-json\/wp\/v2\/media?parent=3146"}],"wp:term":[{"taxonomy":"category","embeddable":true,"href":"https:\/\/sgi-es.org\/ca\/wp-json\/wp\/v2\/categories?post=3146"},{"taxonomy":"post_tag","embeddable":true,"href":"https:\/\/sgi-es.org\/ca\/wp-json\/wp\/v2\/tags?post=3146"}],"curies":[{"name":"wp","href":"https:\/\/api.w.org\/{rel}","templated":true}]}}