{"id":3575,"date":"2025-06-02T11:31:07","date_gmt":"2025-06-02T09:31:07","guid":{"rendered":"https:\/\/sgi-es.org\/?p=3575"},"modified":"2025-06-02T11:31:07","modified_gmt":"2025-06-02T09:31:07","slug":"homenaje-a-charlie-chaplin-en-la-fiesta-de-la-cultura-soka-2025","status":"publish","type":"post","link":"https:\/\/sgi-es.org\/ca\/homenaje-a-charlie-chaplin-en-la-fiesta-de-la-cultura-soka-2025\/","title":{"rendered":"Homenaje a Charlie Chaplin en la Fiesta de la Cultura Soka 2025"},"content":{"rendered":"<figure id=\"attachment_3558\" aria-describedby=\"caption-attachment-3558\" style=\"width: 720px\" class=\"wp-caption aligncenter\"><img loading=\"lazy\" decoding=\"async\" class=\"size-large wp-image-3558\" src=\"https:\/\/sgi-es.org\/wp-content\/uploads\/2025\/05\/fiesta-de-la-cultura-soka-chaplins-720x480.jpg\" alt=\"\" width=\"720\" height=\"480\" srcset=\"https:\/\/sgi-es.org\/wp-content\/uploads\/2025\/05\/fiesta-de-la-cultura-soka-chaplins-720x480.jpg 720w, https:\/\/sgi-es.org\/wp-content\/uploads\/2025\/05\/fiesta-de-la-cultura-soka-chaplins-300x200.jpg 300w, https:\/\/sgi-es.org\/wp-content\/uploads\/2025\/05\/fiesta-de-la-cultura-soka-chaplins-768x512.jpg 768w, https:\/\/sgi-es.org\/wp-content\/uploads\/2025\/05\/fiesta-de-la-cultura-soka-chaplins-1536x1024.jpg 1536w, https:\/\/sgi-es.org\/wp-content\/uploads\/2025\/05\/fiesta-de-la-cultura-soka-chaplins.jpg 2048w\" sizes=\"auto, (max-width: 720px) 100vw, 720px\" \/><figcaption id=\"caption-attachment-3558\" class=\"wp-caption-text\">Facetas de Chaplin reunidas sobre el escenario | Foto: Teresa Arilla<\/figcaption><\/figure>\n<p>\u00abLa vida es una obra de teatro que no permite ensayos; por eso canta, r\u00ede, baila, llora y vive intensamente cada momento de tu vida\u2026 Antes de que el tel\u00f3n baje y la obra termine sin aplausos\u00bb, defendi\u00f3 el gran artista Charles \u00abCharlie\u00bb Chaplin. Su propia vida materializ\u00f3 este mensaje de esperanza que hab\u00eda regalado al mundo. Y, cuando recibi\u00f3 un Oscar de Honor, en 1972, una ovaci\u00f3n de doce minutos, la m\u00e1s extensa de la historia de la Academia de Cine, coron\u00f3 su trayectoria art\u00edstica.<\/p>\n<p>Con su capacidad de convertir en arte y humor las dificultades de la vida, y con su firme defensa de la humanidad y la paz en tiempos de guerra, la vida de Chaplin inspir\u00f3 y fue recreada en la Fiesta de la Cultura Soka 2025, celebrada el 18 de mayo en el auditorio del Centro Cultural Soka. Este evento anual promovido por el Departamento de Artistas de la SGEs se celebra en el marco de las fiestas patronales de Rivas-Vaciamadrid.<\/p>\n<p>Bajo el t\u00edtulo \u00abDespliega tus alas de esperanza\u00bb, unos cincuenta artistas representaron una original propuesta teatral y musical, cuyo recorrido esc\u00e9nico abarcaba desde la infancia de Chaplin, marcada por la pobreza, hasta su madurez como escritor, actor y director galardonado.<\/p>\n<figure id=\"attachment_3563\" aria-describedby=\"caption-attachment-3563\" style=\"width: 720px\" class=\"wp-caption aligncenter\"><img loading=\"lazy\" decoding=\"async\" class=\"size-large wp-image-3563\" src=\"https:\/\/sgi-es.org\/wp-content\/uploads\/2025\/05\/fiesta-de-la-cultura-soka-mundo-720x463.jpg\" alt=\"\" width=\"720\" height=\"463\" srcset=\"https:\/\/sgi-es.org\/wp-content\/uploads\/2025\/05\/fiesta-de-la-cultura-soka-mundo-720x463.jpg 720w, https:\/\/sgi-es.org\/wp-content\/uploads\/2025\/05\/fiesta-de-la-cultura-soka-mundo-300x193.jpg 300w, https:\/\/sgi-es.org\/wp-content\/uploads\/2025\/05\/fiesta-de-la-cultura-soka-mundo-768x494.jpg 768w, https:\/\/sgi-es.org\/wp-content\/uploads\/2025\/05\/fiesta-de-la-cultura-soka-mundo-1536x987.jpg 1536w, https:\/\/sgi-es.org\/wp-content\/uploads\/2025\/05\/fiesta-de-la-cultura-soka-mundo.jpg 2048w\" sizes=\"auto, (max-width: 720px) 100vw, 720px\" \/><figcaption id=\"caption-attachment-3563\" class=\"wp-caption-text\">El patio de butacas se fusion\u00f3 con el escenario | Foto: Teresa Arilla<\/figcaption><\/figure>\n<p>Uno de los momentos m\u00e1s emotivos fue la recreaci\u00f3n del discurso final de la pel\u00edcula\u00a0<em>El gran dictador\u00a0<\/em>(1940), en el que el protagonista expresaba ideas de gran vigencia para la \u00e9poca actual: \u00abM\u00e1s que m\u00e1quinas necesitamos humanidad. M\u00e1s que inteligencia, tener bondad y dulzura. [\u2026] A los que puedan o\u00edrme, les digo: no desesper\u00e9is. [\u2026]\u00a0 Luchemos por un mundo nuevo, digno y noble\u00bb.<\/p>\n<p>\u00abPiel de gallina\u00bb fue uno de los comentarios escuchados a la salida. Tambi\u00e9n \u00abse han superado\u00bb; \u00abno he parado de llorar de emoci\u00f3n\u00bb; \u00abno pod\u00eda dejar de re\u00edr\u00bb\u2026<\/p>\n<p>Con aforo completo en ambos pases, y una participaci\u00f3n de unas 450 personas, la Fiesta de la Cultura Soka volvi\u00f3 a emocionar y a transmitir a trav\u00e9s del arte un aliento a convertir la realidad presente, tan oscura por momentos, en un futuro de esperanza.<\/p>\n<figure id=\"attachment_3568\" aria-describedby=\"caption-attachment-3568\" style=\"width: 720px\" class=\"wp-caption aligncenter\"><img loading=\"lazy\" decoding=\"async\" class=\"size-large wp-image-3568\" src=\"https:\/\/sgi-es.org\/wp-content\/uploads\/2025\/05\/fiesta-de-la-cultura-soka-coro-voces-de-paz-720x416.jpg\" alt=\"\" width=\"720\" height=\"416\" srcset=\"https:\/\/sgi-es.org\/wp-content\/uploads\/2025\/05\/fiesta-de-la-cultura-soka-coro-voces-de-paz-720x416.jpg 720w, https:\/\/sgi-es.org\/wp-content\/uploads\/2025\/05\/fiesta-de-la-cultura-soka-coro-voces-de-paz-300x173.jpg 300w, https:\/\/sgi-es.org\/wp-content\/uploads\/2025\/05\/fiesta-de-la-cultura-soka-coro-voces-de-paz-768x443.jpg 768w, https:\/\/sgi-es.org\/wp-content\/uploads\/2025\/05\/fiesta-de-la-cultura-soka-coro-voces-de-paz-1536x887.jpg 1536w, https:\/\/sgi-es.org\/wp-content\/uploads\/2025\/05\/fiesta-de-la-cultura-soka-coro-voces-de-paz.jpg 2048w\" sizes=\"auto, (max-width: 720px) 100vw, 720px\" \/><figcaption id=\"caption-attachment-3568\" class=\"wp-caption-text\">El coro Voces de Paz, de reciente creaci\u00f3n, se consolid\u00f3 con sus emotivas intervenciones en la Fiesta de la Cultura Soka 2025 | Foto: Teresa Arilla<\/figcaption><\/figure>\n","protected":false},"excerpt":{"rendered":"<p>\u00abLa vida es una obra de teatro que no permite ensayos; por eso canta, r\u00ede, baila, llora y vive intensamente cada momento de tu vida\u2026 Antes de que el tel\u00f3n baje y la obra termine sin aplausos\u00bb, defendi\u00f3 el gran artista Charles \u00abCharlie\u00bb Chaplin. Su propia vida materializ\u00f3 este mensaje de esperanza que hab\u00eda regalado [&hellip;]<\/p>\n","protected":false},"author":7,"featured_media":3558,"comment_status":"closed","ping_status":"closed","sticky":false,"template":"","format":"standard","meta":{"site-sidebar-layout":"default","site-content-layout":"","ast-site-content-layout":"normal-width-container","site-content-style":"default","site-sidebar-style":"default","ast-global-header-display":"","ast-banner-title-visibility":"","ast-main-header-display":"","ast-hfb-above-header-display":"","ast-hfb-below-header-display":"","ast-hfb-mobile-header-display":"","site-post-title":"","ast-breadcrumbs-content":"","ast-featured-img":"disabled","footer-sml-layout":"","theme-transparent-header-meta":"default","adv-header-id-meta":"","stick-header-meta":"default","header-above-stick-meta":"","header-main-stick-meta":"","header-below-stick-meta":"","astra-migrate-meta-layouts":"set","ast-page-background-enabled":"default","ast-page-background-meta":{"desktop":{"background-color":"","background-image":"","background-repeat":"repeat","background-position":"center center","background-size":"auto","background-attachment":"scroll","background-type":"","background-media":"","overlay-type":"","overlay-color":"","overlay-opacity":"","overlay-gradient":""},"tablet":{"background-color":"","background-image":"","background-repeat":"repeat","background-position":"center center","background-size":"auto","background-attachment":"scroll","background-type":"","background-media":"","overlay-type":"","overlay-color":"","overlay-opacity":"","overlay-gradient":""},"mobile":{"background-color":"","background-image":"","background-repeat":"repeat","background-position":"center center","background-size":"auto","background-attachment":"scroll","background-type":"","background-media":"","overlay-type":"","overlay-color":"","overlay-opacity":"","overlay-gradient":""}},"ast-content-background-meta":{"desktop":{"background-color":"var(--ast-global-color-5)","background-image":"","background-repeat":"repeat","background-position":"center center","background-size":"auto","background-attachment":"scroll","background-type":"","background-media":"","overlay-type":"","overlay-color":"","overlay-opacity":"","overlay-gradient":""},"tablet":{"background-color":"var(--ast-global-color-5)","background-image":"","background-repeat":"repeat","background-position":"center center","background-size":"auto","background-attachment":"scroll","background-type":"","background-media":"","overlay-type":"","overlay-color":"","overlay-opacity":"","overlay-gradient":""},"mobile":{"background-color":"var(--ast-global-color-5)","background-image":"","background-repeat":"repeat","background-position":"center center","background-size":"auto","background-attachment":"scroll","background-type":"","background-media":"","overlay-type":"","overlay-color":"","overlay-opacity":"","overlay-gradient":""}},"footnotes":""},"categories":[55],"tags":[],"class_list":["post-3575","post","type-post","status-publish","format-standard","has-post-thumbnail","hentry","category-noticias-3"],"yoast_head":"<!-- This site is optimized with the Yoast SEO plugin v22.0 - https:\/\/yoast.com\/wordpress\/plugins\/seo\/ -->\n<title>Homenaje a Charlie Chaplin en la Fiesta de la Cultura Soka 2025 - SOKA GAKKAI DE ESPA\u00d1A<\/title>\n<meta name=\"robots\" content=\"noindex, follow\" \/>\n<meta property=\"og:locale\" content=\"ca_ES\" \/>\n<meta property=\"og:type\" content=\"article\" \/>\n<meta property=\"og:title\" content=\"Homenaje a Charlie Chaplin en la Fiesta de la Cultura Soka 2025 - SOKA GAKKAI DE ESPA\u00d1A\" \/>\n<meta property=\"og:description\" content=\"\u00abLa vida es una obra de teatro que no permite ensayos; por eso canta, r\u00ede, baila, llora y vive intensamente cada momento de tu vida\u2026 Antes de que el tel\u00f3n baje y la obra termine sin aplausos\u00bb, defendi\u00f3 el gran artista Charles \u00abCharlie\u00bb Chaplin. Su propia vida materializ\u00f3 este mensaje de esperanza que hab\u00eda regalado [&hellip;]\" \/>\n<meta property=\"og:url\" content=\"https:\/\/sgi-es.org\/ca\/homenaje-a-charlie-chaplin-en-la-fiesta-de-la-cultura-soka-2025\/\" \/>\n<meta property=\"og:site_name\" content=\"SOKA GAKKAI DE ESPA\u00d1A\" \/>\n<meta property=\"article:published_time\" content=\"2025-06-02T09:31:07+00:00\" \/>\n<meta property=\"og:image\" content=\"https:\/\/sgi-es.org\/wp-content\/uploads\/2025\/05\/fiesta-de-la-cultura-soka-chaplins.jpg\" \/>\n\t<meta property=\"og:image:width\" content=\"2048\" \/>\n\t<meta property=\"og:image:height\" content=\"1365\" \/>\n\t<meta property=\"og:image:type\" content=\"image\/jpeg\" \/>\n<meta name=\"author\" content=\"root_sgi-es\" \/>\n<meta name=\"twitter:card\" content=\"summary_large_image\" \/>\n<meta name=\"twitter:label1\" content=\"Escrit per\" \/>\n\t<meta name=\"twitter:data1\" content=\"root_sgi-es\" \/>\n\t<meta name=\"twitter:label2\" content=\"Temps estimat de lectura\" \/>\n\t<meta name=\"twitter:data2\" content=\"3 minuts\" \/>\n<script type=\"application\/ld+json\" class=\"yoast-schema-graph\">{\"@context\":\"https:\/\/schema.org\",\"@graph\":[{\"@type\":\"Article\",\"@id\":\"https:\/\/sgi-es.org\/ca\/homenaje-a-charlie-chaplin-en-la-fiesta-de-la-cultura-soka-2025\/#article\",\"isPartOf\":{\"@id\":\"https:\/\/sgi-es.org\/ca\/homenaje-a-charlie-chaplin-en-la-fiesta-de-la-cultura-soka-2025\/\"},\"author\":{\"name\":\"root_sgi-es\",\"@id\":\"https:\/\/sgi-es.org\/#\/schema\/person\/8db076f3d444a2f2dab2d057ebb10024\"},\"headline\":\"Homenaje a Charlie Chaplin en la Fiesta de la Cultura Soka 2025\",\"datePublished\":\"2025-06-02T09:31:07+00:00\",\"dateModified\":\"2025-06-02T09:31:07+00:00\",\"mainEntityOfPage\":{\"@id\":\"https:\/\/sgi-es.org\/ca\/homenaje-a-charlie-chaplin-en-la-fiesta-de-la-cultura-soka-2025\/\"},\"wordCount\":437,\"publisher\":{\"@id\":\"https:\/\/sgi-es.org\/#organization\"},\"articleSection\":[\"Noticias\"],\"inLanguage\":\"ca\"},{\"@type\":\"WebPage\",\"@id\":\"https:\/\/sgi-es.org\/ca\/homenaje-a-charlie-chaplin-en-la-fiesta-de-la-cultura-soka-2025\/\",\"url\":\"https:\/\/sgi-es.org\/ca\/homenaje-a-charlie-chaplin-en-la-fiesta-de-la-cultura-soka-2025\/\",\"name\":\"Homenaje a Charlie Chaplin en la Fiesta de la Cultura Soka 2025 - SOKA GAKKAI DE ESPA\u00d1A\",\"isPartOf\":{\"@id\":\"https:\/\/sgi-es.org\/#website\"},\"datePublished\":\"2025-06-02T09:31:07+00:00\",\"dateModified\":\"2025-06-02T09:31:07+00:00\",\"breadcrumb\":{\"@id\":\"https:\/\/sgi-es.org\/ca\/homenaje-a-charlie-chaplin-en-la-fiesta-de-la-cultura-soka-2025\/#breadcrumb\"},\"inLanguage\":\"ca\",\"potentialAction\":[{\"@type\":\"ReadAction\",\"target\":[\"https:\/\/sgi-es.org\/ca\/homenaje-a-charlie-chaplin-en-la-fiesta-de-la-cultura-soka-2025\/\"]}]},{\"@type\":\"BreadcrumbList\",\"@id\":\"https:\/\/sgi-es.org\/ca\/homenaje-a-charlie-chaplin-en-la-fiesta-de-la-cultura-soka-2025\/#breadcrumb\",\"itemListElement\":[{\"@type\":\"ListItem\",\"position\":1,\"name\":\"Portada\",\"item\":\"https:\/\/sgi-es.org\/ca\/\"},{\"@type\":\"ListItem\",\"position\":2,\"name\":\"Homenaje a Charlie Chaplin en la Fiesta de la Cultura Soka 2025\"}]},{\"@type\":\"WebSite\",\"@id\":\"https:\/\/sgi-es.org\/#website\",\"url\":\"https:\/\/sgi-es.org\/\",\"name\":\"SOKA GAKKAI DE ESPA\u00d1A\",\"description\":\"\",\"publisher\":{\"@id\":\"https:\/\/sgi-es.org\/#organization\"},\"potentialAction\":[{\"@type\":\"SearchAction\",\"target\":{\"@type\":\"EntryPoint\",\"urlTemplate\":\"https:\/\/sgi-es.org\/?s={search_term_string}\"},\"query-input\":\"required name=search_term_string\"}],\"inLanguage\":\"ca\"},{\"@type\":\"Organization\",\"@id\":\"https:\/\/sgi-es.org\/#organization\",\"name\":\"Soka Gakkai de Espa\u00f1a\",\"url\":\"https:\/\/sgi-es.org\/\",\"logo\":{\"@type\":\"ImageObject\",\"inLanguage\":\"ca\",\"@id\":\"https:\/\/sgi-es.org\/#\/schema\/logo\/image\/\",\"url\":\"https:\/\/sgi-es.org\/wp-content\/uploads\/2021\/09\/soka-gakkai-espana-logo-6.png\",\"contentUrl\":\"https:\/\/sgi-es.org\/wp-content\/uploads\/2021\/09\/soka-gakkai-espana-logo-6.png\",\"width\":1000,\"height\":152,\"caption\":\"Soka Gakkai de Espa\u00f1a\"},\"image\":{\"@id\":\"https:\/\/sgi-es.org\/#\/schema\/logo\/image\/\"}},{\"@type\":\"Person\",\"@id\":\"https:\/\/sgi-es.org\/#\/schema\/person\/8db076f3d444a2f2dab2d057ebb10024\",\"name\":\"root_sgi-es\",\"image\":{\"@type\":\"ImageObject\",\"inLanguage\":\"ca\",\"@id\":\"https:\/\/sgi-es.org\/#\/schema\/person\/image\/\",\"url\":\"https:\/\/secure.gravatar.com\/avatar\/c70873858abaa50cead4e039a83317ee?s=96&d=mm&r=g\",\"contentUrl\":\"https:\/\/secure.gravatar.com\/avatar\/c70873858abaa50cead4e039a83317ee?s=96&d=mm&r=g\",\"caption\":\"root_sgi-es\"}}]}<\/script>\n<!-- \/ Yoast SEO plugin. -->","yoast_head_json":{"title":"Homenaje a Charlie Chaplin en la Fiesta de la Cultura Soka 2025 - SOKA GAKKAI DE ESPA\u00d1A","robots":{"index":"noindex","follow":"follow"},"og_locale":"ca_ES","og_type":"article","og_title":"Homenaje a Charlie Chaplin en la Fiesta de la Cultura Soka 2025 - SOKA GAKKAI DE ESPA\u00d1A","og_description":"\u00abLa vida es una obra de teatro que no permite ensayos; por eso canta, r\u00ede, baila, llora y vive intensamente cada momento de tu vida\u2026 Antes de que el tel\u00f3n baje y la obra termine sin aplausos\u00bb, defendi\u00f3 el gran artista Charles \u00abCharlie\u00bb Chaplin. Su propia vida materializ\u00f3 este mensaje de esperanza que hab\u00eda regalado [&hellip;]","og_url":"https:\/\/sgi-es.org\/ca\/homenaje-a-charlie-chaplin-en-la-fiesta-de-la-cultura-soka-2025\/","og_site_name":"SOKA GAKKAI DE ESPA\u00d1A","article_published_time":"2025-06-02T09:31:07+00:00","og_image":[{"width":2048,"height":1365,"url":"https:\/\/sgi-es.org\/wp-content\/uploads\/2025\/05\/fiesta-de-la-cultura-soka-chaplins.jpg","type":"image\/jpeg"}],"author":"root_sgi-es","twitter_card":"summary_large_image","twitter_misc":{"Escrit per":"root_sgi-es","Temps estimat de lectura":"3 minuts"},"schema":{"@context":"https:\/\/schema.org","@graph":[{"@type":"Article","@id":"https:\/\/sgi-es.org\/ca\/homenaje-a-charlie-chaplin-en-la-fiesta-de-la-cultura-soka-2025\/#article","isPartOf":{"@id":"https:\/\/sgi-es.org\/ca\/homenaje-a-charlie-chaplin-en-la-fiesta-de-la-cultura-soka-2025\/"},"author":{"name":"root_sgi-es","@id":"https:\/\/sgi-es.org\/#\/schema\/person\/8db076f3d444a2f2dab2d057ebb10024"},"headline":"Homenaje a Charlie Chaplin en la Fiesta de la Cultura Soka 2025","datePublished":"2025-06-02T09:31:07+00:00","dateModified":"2025-06-02T09:31:07+00:00","mainEntityOfPage":{"@id":"https:\/\/sgi-es.org\/ca\/homenaje-a-charlie-chaplin-en-la-fiesta-de-la-cultura-soka-2025\/"},"wordCount":437,"publisher":{"@id":"https:\/\/sgi-es.org\/#organization"},"articleSection":["Noticias"],"inLanguage":"ca"},{"@type":"WebPage","@id":"https:\/\/sgi-es.org\/ca\/homenaje-a-charlie-chaplin-en-la-fiesta-de-la-cultura-soka-2025\/","url":"https:\/\/sgi-es.org\/ca\/homenaje-a-charlie-chaplin-en-la-fiesta-de-la-cultura-soka-2025\/","name":"Homenaje a Charlie Chaplin en la Fiesta de la Cultura Soka 2025 - SOKA GAKKAI DE ESPA\u00d1A","isPartOf":{"@id":"https:\/\/sgi-es.org\/#website"},"datePublished":"2025-06-02T09:31:07+00:00","dateModified":"2025-06-02T09:31:07+00:00","breadcrumb":{"@id":"https:\/\/sgi-es.org\/ca\/homenaje-a-charlie-chaplin-en-la-fiesta-de-la-cultura-soka-2025\/#breadcrumb"},"inLanguage":"ca","potentialAction":[{"@type":"ReadAction","target":["https:\/\/sgi-es.org\/ca\/homenaje-a-charlie-chaplin-en-la-fiesta-de-la-cultura-soka-2025\/"]}]},{"@type":"BreadcrumbList","@id":"https:\/\/sgi-es.org\/ca\/homenaje-a-charlie-chaplin-en-la-fiesta-de-la-cultura-soka-2025\/#breadcrumb","itemListElement":[{"@type":"ListItem","position":1,"name":"Portada","item":"https:\/\/sgi-es.org\/ca\/"},{"@type":"ListItem","position":2,"name":"Homenaje a Charlie Chaplin en la Fiesta de la Cultura Soka 2025"}]},{"@type":"WebSite","@id":"https:\/\/sgi-es.org\/#website","url":"https:\/\/sgi-es.org\/","name":"SOKA GAKKAI DE ESPA\u00d1A","description":"","publisher":{"@id":"https:\/\/sgi-es.org\/#organization"},"potentialAction":[{"@type":"SearchAction","target":{"@type":"EntryPoint","urlTemplate":"https:\/\/sgi-es.org\/?s={search_term_string}"},"query-input":"required name=search_term_string"}],"inLanguage":"ca"},{"@type":"Organization","@id":"https:\/\/sgi-es.org\/#organization","name":"Soka Gakkai de Espa\u00f1a","url":"https:\/\/sgi-es.org\/","logo":{"@type":"ImageObject","inLanguage":"ca","@id":"https:\/\/sgi-es.org\/#\/schema\/logo\/image\/","url":"https:\/\/sgi-es.org\/wp-content\/uploads\/2021\/09\/soka-gakkai-espana-logo-6.png","contentUrl":"https:\/\/sgi-es.org\/wp-content\/uploads\/2021\/09\/soka-gakkai-espana-logo-6.png","width":1000,"height":152,"caption":"Soka Gakkai de Espa\u00f1a"},"image":{"@id":"https:\/\/sgi-es.org\/#\/schema\/logo\/image\/"}},{"@type":"Person","@id":"https:\/\/sgi-es.org\/#\/schema\/person\/8db076f3d444a2f2dab2d057ebb10024","name":"root_sgi-es","image":{"@type":"ImageObject","inLanguage":"ca","@id":"https:\/\/sgi-es.org\/#\/schema\/person\/image\/","url":"https:\/\/secure.gravatar.com\/avatar\/c70873858abaa50cead4e039a83317ee?s=96&d=mm&r=g","contentUrl":"https:\/\/secure.gravatar.com\/avatar\/c70873858abaa50cead4e039a83317ee?s=96&d=mm&r=g","caption":"root_sgi-es"}}]}},"_links":{"self":[{"href":"https:\/\/sgi-es.org\/ca\/wp-json\/wp\/v2\/posts\/3575","targetHints":{"allow":["GET"]}}],"collection":[{"href":"https:\/\/sgi-es.org\/ca\/wp-json\/wp\/v2\/posts"}],"about":[{"href":"https:\/\/sgi-es.org\/ca\/wp-json\/wp\/v2\/types\/post"}],"author":[{"embeddable":true,"href":"https:\/\/sgi-es.org\/ca\/wp-json\/wp\/v2\/users\/7"}],"replies":[{"embeddable":true,"href":"https:\/\/sgi-es.org\/ca\/wp-json\/wp\/v2\/comments?post=3575"}],"version-history":[{"count":1,"href":"https:\/\/sgi-es.org\/ca\/wp-json\/wp\/v2\/posts\/3575\/revisions"}],"predecessor-version":[{"id":3576,"href":"https:\/\/sgi-es.org\/ca\/wp-json\/wp\/v2\/posts\/3575\/revisions\/3576"}],"wp:featuredmedia":[{"embeddable":true,"href":"https:\/\/sgi-es.org\/ca\/wp-json\/wp\/v2\/media\/3558"}],"wp:attachment":[{"href":"https:\/\/sgi-es.org\/ca\/wp-json\/wp\/v2\/media?parent=3575"}],"wp:term":[{"taxonomy":"category","embeddable":true,"href":"https:\/\/sgi-es.org\/ca\/wp-json\/wp\/v2\/categories?post=3575"},{"taxonomy":"post_tag","embeddable":true,"href":"https:\/\/sgi-es.org\/ca\/wp-json\/wp\/v2\/tags?post=3575"}],"curies":[{"name":"wp","href":"https:\/\/api.w.org\/{rel}","templated":true}]}}