{"id":2586,"date":"2024-03-06T14:37:44","date_gmt":"2024-03-06T13:37:44","guid":{"rendered":"https:\/\/sgi-es.org\/?p=2586"},"modified":"2024-03-06T14:37:44","modified_gmt":"2024-03-06T13:37:44","slug":"actos-y-expresiones-de-homenaje-a-las-contribuciones-sociales-de-daisaku-ikeda-2","status":"publish","type":"post","link":"https:\/\/sgi-es.org\/eu\/actos-y-expresiones-de-homenaje-a-las-contribuciones-sociales-de-daisaku-ikeda-2\/","title":{"rendered":"Actos y expresiones de homenaje a las contribuciones sociales de Daisaku Ikeda"},"content":{"rendered":"<p>Tras los actos y pronunciamientos en honor de Daisaku Ikeda que se sucedieron en los d\u00edas y semanas inmediatamente posteriores a su fallecimiento, se han dado otros no menos significativos. En varios casos, han contado con la participaci\u00f3n e incluso el impulso de instituciones, organizaciones o personalidades cuyo respeto y agradecimiento hacia \u00e9l se relacionan con sus contribuciones a la promoci\u00f3n de la paz, la justicia social, la cultura, la educaci\u00f3n y el respeto por el medioambiente, trascendiendo as\u00ed lo estrictamente ligado a su liderazgo budista.<\/p>\n<p>Un recorrido cronol\u00f3gico por algunos de los eventos m\u00e1s representativos puede iniciarse en la fecha del natalicio del maestro: el 2 de enero se pronunci\u00f3 una conferencia conmemorativa de su 96.\u00ba aniversario en la sede del Instituto Internacional de Pensamiento y Civilizaci\u00f3n Isl\u00e1micos (ISTAC) de la Universidad Isl\u00e1mica Internacional de Malasia (IIUM). Convocada por el ISTAC-IIUM y la Soka Gakkai de Malasia (SGM), cabe subrayar la intervenci\u00f3n de Osman Bakar, profesor em\u00e9rito de Filosof\u00eda (incluido en numerosas ocasiones, como pensador, en la lista de \u00ab500 musulmanes m\u00e1s influyentes\u00bb en el mundo), quien expres\u00f3 su admiraci\u00f3n hacia Ikeda Sensei como fil\u00f3sofo y destac\u00f3 su habilidad para fomentar el di\u00e1logo entre personas de diversas culturas y religiones.<\/p>\n<p>El s\u00e1bado 20 de enero por la ma\u00f1ana tuvo lugar una \u00abCeremonia de conmemoraci\u00f3n nacional del maestro Daisaku Ikeda\u00bb en el hist\u00f3rico Salone dei Cinquecento del Palazzo Vecchio, sede del Ayuntamiento de Florencia, que la coorganiz\u00f3 con el Instituto Budista Italiano Soka Gakkai. Participaron presencialmente unas quinientas personas invitadas, pero pudo seguirse en l\u00ednea gracias a su emisi\u00f3n en directo a trav\u00e9s del canal de YouTube de la corporaci\u00f3n municipal, donde ha quedado disponible para su visualizaci\u00f3n posterior. Durante el acto, el alcalde de Florencia, Dario Nardella, elogi\u00f3 a Ikeda como constructor de paz y por sus esfuerzos en el desarme nuclear, la protecci\u00f3n del medio ambiente y las relaciones internacionales. A su vez, el presidente de la regi\u00f3n de Toscana, Eugenio Giani, destac\u00f3 que Ikeda sigue y seguir\u00e1 viviendo en los corazones de personas de todo el mundo.<\/p>\n<figure id=\"attachment_2580\" aria-describedby=\"caption-attachment-2580\" style=\"width: 720px\" class=\"wp-caption aligncenter\"><img loading=\"lazy\" decoding=\"async\" class=\"size-large wp-image-2580\" src=\"https:\/\/sgi-es.org\/wp-content\/uploads\/2024\/03\/News-1-13-720x503.jpg\" alt=\"\" width=\"720\" height=\"503\" srcset=\"https:\/\/sgi-es.org\/wp-content\/uploads\/2024\/03\/News-1-13-720x503.jpg 720w, https:\/\/sgi-es.org\/wp-content\/uploads\/2024\/03\/News-1-13-300x209.jpg 300w, https:\/\/sgi-es.org\/wp-content\/uploads\/2024\/03\/News-1-13-768x536.jpg 768w, https:\/\/sgi-es.org\/wp-content\/uploads\/2024\/03\/News-1-13-1536x1073.jpg 1536w, https:\/\/sgi-es.org\/wp-content\/uploads\/2024\/03\/News-1-13-2048x1430.jpg 2048w\" sizes=\"auto, (max-width: 720px) 100vw, 720px\" \/><figcaption id=\"caption-attachment-2580\" class=\"wp-caption-text\">\u00abCeremonia de conmemoraci\u00f3n nacional del maestro Daisaku Ikeda\u00bb en el Salone dei Cinquecento de Florencia, el 20 de enero | Foto: Seikyo Shimbun<\/figcaption><\/figure>\n<p>Pocos d\u00edas m\u00e1s tarde, en el D\u00eda de la SGI, el Seikyo Shimbun inform\u00f3 del env\u00edo de un mensaje de condolencias del presidente de los Estados Unidos, Joe Biden, a Kaneko Ikeda por el fallecimiento de su esposo. En \u00e9l, el presidente Biden elogiaba al presidente de la SGI como \u00abun l\u00edder comprometido, constructor de puentes y hombre de acci\u00f3n\u00bb que dedic\u00f3 su vida a la b\u00fasqueda de la paz y la dignidad para todas las personas. El mismo 26 de enero, <em>The Japan Times<\/em> public\u00f3 un art\u00edculo que, basado en la filosof\u00eda de Daisaku Ikeda, destacaba sus esfuerzos para promover la paz.<\/p>\n<p>Llegando ya al fin del primer mes del a\u00f1o, el 30 de enero se celebr\u00f3 en Tokio un homenaje a Ikeda Sensei al que fueron invitados embajadores y funcionarios de embajadas (de un total de 46 pa\u00edses y territorios) y personalidades provenientes de \u00e1mbitos como el acad\u00e9mico, la cultura o los medios de comunicaci\u00f3n. En total, sumaron unos 2600 asistentes, que fueron recibidos por el presidente de la Soka Gakkai, Minoru Harada, y el vicepresidente ejecutivo, Hiromasa Ikeda, entre otros responsables de la organizaci\u00f3n.<\/p>\n<figure id=\"attachment_2274\" aria-describedby=\"caption-attachment-2274\" style=\"width: 720px\" class=\"wp-caption aligncenter\"><img loading=\"lazy\" decoding=\"async\" class=\"size-large wp-image-2274\" src=\"https:\/\/sgi-es.org\/wp-content\/uploads\/2024\/02\/homenaje-ikeda-jp-30-ene-2024-web-sges-720x480.jpg\" alt=\"\" width=\"720\" height=\"480\" srcset=\"https:\/\/sgi-es.org\/wp-content\/uploads\/2024\/02\/homenaje-ikeda-jp-30-ene-2024-web-sges-720x480.jpg 720w, https:\/\/sgi-es.org\/wp-content\/uploads\/2024\/02\/homenaje-ikeda-jp-30-ene-2024-web-sges-300x200.jpg 300w, https:\/\/sgi-es.org\/wp-content\/uploads\/2024\/02\/homenaje-ikeda-jp-30-ene-2024-web-sges-768x512.jpg 768w, https:\/\/sgi-es.org\/wp-content\/uploads\/2024\/02\/homenaje-ikeda-jp-30-ene-2024-web-sges.jpg 1080w\" sizes=\"auto, (max-width: 720px) 100vw, 720px\" \/><figcaption id=\"caption-attachment-2274\" class=\"wp-caption-text\">El homenaje a Daisaku Ikeda realizado el 30 de enero en Tokio, en el Hotel New Otani, incluy\u00f3 el recorrido por un \u00e1rea expositiva | Foto: Seikyo Shimbun<\/figcaption><\/figure>\n","protected":false},"excerpt":{"rendered":"<p>Tras los actos y pronunciamientos en honor de Daisaku Ikeda que se sucedieron en los d\u00edas y semanas inmediatamente posteriores a su fallecimiento, se han dado otros no menos significativos. En varios casos, han contado con la participaci\u00f3n e incluso el impulso de instituciones, organizaciones o personalidades cuyo respeto y agradecimiento hacia \u00e9l se relacionan [&hellip;]<\/p>\n","protected":false},"author":7,"featured_media":2580,"comment_status":"closed","ping_status":"closed","sticky":false,"template":"","format":"standard","meta":{"site-sidebar-layout":"default","site-content-layout":"","ast-site-content-layout":"normal-width-container","site-content-style":"default","site-sidebar-style":"default","ast-global-header-display":"","ast-banner-title-visibility":"","ast-main-header-display":"","ast-hfb-above-header-display":"","ast-hfb-below-header-display":"","ast-hfb-mobile-header-display":"","site-post-title":"","ast-breadcrumbs-content":"","ast-featured-img":"disabled","footer-sml-layout":"","theme-transparent-header-meta":"default","adv-header-id-meta":"","stick-header-meta":"default","header-above-stick-meta":"","header-main-stick-meta":"","header-below-stick-meta":"","astra-migrate-meta-layouts":"set","ast-page-background-enabled":"default","ast-page-background-meta":{"desktop":{"background-color":"","background-image":"","background-repeat":"repeat","background-position":"center center","background-size":"auto","background-attachment":"scroll","background-type":"","background-media":"","overlay-type":"","overlay-color":"","overlay-opacity":"","overlay-gradient":""},"tablet":{"background-color":"","background-image":"","background-repeat":"repeat","background-position":"center center","background-size":"auto","background-attachment":"scroll","background-type":"","background-media":"","overlay-type":"","overlay-color":"","overlay-opacity":"","overlay-gradient":""},"mobile":{"background-color":"","background-image":"","background-repeat":"repeat","background-position":"center center","background-size":"auto","background-attachment":"scroll","background-type":"","background-media":"","overlay-type":"","overlay-color":"","overlay-opacity":"","overlay-gradient":""}},"ast-content-background-meta":{"desktop":{"background-color":"var(--ast-global-color-5)","background-image":"","background-repeat":"repeat","background-position":"center center","background-size":"auto","background-attachment":"scroll","background-type":"","background-media":"","overlay-type":"","overlay-color":"","overlay-opacity":"","overlay-gradient":""},"tablet":{"background-color":"var(--ast-global-color-5)","background-image":"","background-repeat":"repeat","background-position":"center center","background-size":"auto","background-attachment":"scroll","background-type":"","background-media":"","overlay-type":"","overlay-color":"","overlay-opacity":"","overlay-gradient":""},"mobile":{"background-color":"var(--ast-global-color-5)","background-image":"","background-repeat":"repeat","background-position":"center center","background-size":"auto","background-attachment":"scroll","background-type":"","background-media":"","overlay-type":"","overlay-color":"","overlay-opacity":"","overlay-gradient":""}},"footnotes":""},"categories":[54],"tags":[],"class_list":["post-2586","post","type-post","status-publish","format-standard","has-post-thumbnail","hentry","category-noticias-2"],"yoast_head":"<!-- This site is optimized with the Yoast SEO plugin v22.0 - https:\/\/yoast.com\/wordpress\/plugins\/seo\/ -->\n<title>Actos y expresiones de homenaje a las contribuciones sociales de Daisaku Ikeda - SOKA GAKKAI DE ESPA\u00d1A<\/title>\n<meta name=\"robots\" content=\"noindex, follow\" \/>\n<meta property=\"og:locale\" content=\"eu_ES\" \/>\n<meta property=\"og:type\" content=\"article\" \/>\n<meta property=\"og:title\" content=\"Actos y expresiones de homenaje a las contribuciones sociales de Daisaku Ikeda - SOKA GAKKAI DE ESPA\u00d1A\" \/>\n<meta property=\"og:description\" content=\"Tras los actos y pronunciamientos en honor de Daisaku Ikeda que se sucedieron en los d\u00edas y semanas inmediatamente posteriores a su fallecimiento, se han dado otros no menos significativos. En varios casos, han contado con la participaci\u00f3n e incluso el impulso de instituciones, organizaciones o personalidades cuyo respeto y agradecimiento hacia \u00e9l se relacionan [&hellip;]\" \/>\n<meta property=\"og:url\" content=\"https:\/\/sgi-es.org\/eu\/actos-y-expresiones-de-homenaje-a-las-contribuciones-sociales-de-daisaku-ikeda-2\/\" \/>\n<meta property=\"og:site_name\" content=\"SOKA GAKKAI DE ESPA\u00d1A\" \/>\n<meta property=\"article:published_time\" content=\"2024-03-06T13:37:44+00:00\" \/>\n<meta property=\"og:image\" content=\"https:\/\/sgi-es.org\/wp-content\/uploads\/2024\/03\/News-1-13.jpg\" \/>\n\t<meta property=\"og:image:width\" content=\"2390\" \/>\n\t<meta property=\"og:image:height\" content=\"1669\" \/>\n\t<meta property=\"og:image:type\" content=\"image\/jpeg\" \/>\n<meta name=\"author\" content=\"root_sgi-es\" \/>\n<meta name=\"twitter:card\" content=\"summary_large_image\" \/>\n<meta name=\"twitter:label1\" content=\"Written by\" \/>\n\t<meta name=\"twitter:data1\" content=\"root_sgi-es\" \/>\n\t<meta name=\"twitter:label2\" content=\"Est. reading time\" \/>\n\t<meta name=\"twitter:data2\" content=\"4 minutes\" \/>\n<script type=\"application\/ld+json\" class=\"yoast-schema-graph\">{\"@context\":\"https:\/\/schema.org\",\"@graph\":[{\"@type\":\"Article\",\"@id\":\"https:\/\/sgi-es.org\/eu\/actos-y-expresiones-de-homenaje-a-las-contribuciones-sociales-de-daisaku-ikeda-2\/#article\",\"isPartOf\":{\"@id\":\"https:\/\/sgi-es.org\/eu\/actos-y-expresiones-de-homenaje-a-las-contribuciones-sociales-de-daisaku-ikeda-2\/\"},\"author\":{\"name\":\"root_sgi-es\",\"@id\":\"https:\/\/sgi-es.org\/#\/schema\/person\/8db076f3d444a2f2dab2d057ebb10024\"},\"headline\":\"Actos y expresiones de homenaje a las contribuciones sociales de Daisaku Ikeda\",\"datePublished\":\"2024-03-06T13:37:44+00:00\",\"dateModified\":\"2024-03-06T13:37:44+00:00\",\"mainEntityOfPage\":{\"@id\":\"https:\/\/sgi-es.org\/eu\/actos-y-expresiones-de-homenaje-a-las-contribuciones-sociales-de-daisaku-ikeda-2\/\"},\"wordCount\":634,\"publisher\":{\"@id\":\"https:\/\/sgi-es.org\/#organization\"},\"articleSection\":[\"Noticias\"],\"inLanguage\":\"eu-ES\"},{\"@type\":\"WebPage\",\"@id\":\"https:\/\/sgi-es.org\/eu\/actos-y-expresiones-de-homenaje-a-las-contribuciones-sociales-de-daisaku-ikeda-2\/\",\"url\":\"https:\/\/sgi-es.org\/eu\/actos-y-expresiones-de-homenaje-a-las-contribuciones-sociales-de-daisaku-ikeda-2\/\",\"name\":\"Actos y expresiones de homenaje a las contribuciones sociales de Daisaku Ikeda - SOKA GAKKAI DE ESPA\u00d1A\",\"isPartOf\":{\"@id\":\"https:\/\/sgi-es.org\/#website\"},\"datePublished\":\"2024-03-06T13:37:44+00:00\",\"dateModified\":\"2024-03-06T13:37:44+00:00\",\"breadcrumb\":{\"@id\":\"https:\/\/sgi-es.org\/eu\/actos-y-expresiones-de-homenaje-a-las-contribuciones-sociales-de-daisaku-ikeda-2\/#breadcrumb\"},\"inLanguage\":\"eu-ES\",\"potentialAction\":[{\"@type\":\"ReadAction\",\"target\":[\"https:\/\/sgi-es.org\/eu\/actos-y-expresiones-de-homenaje-a-las-contribuciones-sociales-de-daisaku-ikeda-2\/\"]}]},{\"@type\":\"BreadcrumbList\",\"@id\":\"https:\/\/sgi-es.org\/eu\/actos-y-expresiones-de-homenaje-a-las-contribuciones-sociales-de-daisaku-ikeda-2\/#breadcrumb\",\"itemListElement\":[{\"@type\":\"ListItem\",\"position\":1,\"name\":\"Portada\",\"item\":\"https:\/\/sgi-es.org\/eu\/\"},{\"@type\":\"ListItem\",\"position\":2,\"name\":\"Actos y expresiones de homenaje a las contribuciones sociales de Daisaku Ikeda\"}]},{\"@type\":\"WebSite\",\"@id\":\"https:\/\/sgi-es.org\/#website\",\"url\":\"https:\/\/sgi-es.org\/\",\"name\":\"SOKA GAKKAI DE ESPA\u00d1A\",\"description\":\"\",\"publisher\":{\"@id\":\"https:\/\/sgi-es.org\/#organization\"},\"potentialAction\":[{\"@type\":\"SearchAction\",\"target\":{\"@type\":\"EntryPoint\",\"urlTemplate\":\"https:\/\/sgi-es.org\/?s={search_term_string}\"},\"query-input\":\"required name=search_term_string\"}],\"inLanguage\":\"eu-ES\"},{\"@type\":\"Organization\",\"@id\":\"https:\/\/sgi-es.org\/#organization\",\"name\":\"Soka Gakkai de Espa\u00f1a\",\"url\":\"https:\/\/sgi-es.org\/\",\"logo\":{\"@type\":\"ImageObject\",\"inLanguage\":\"eu-ES\",\"@id\":\"https:\/\/sgi-es.org\/#\/schema\/logo\/image\/\",\"url\":\"https:\/\/sgi-es.org\/wp-content\/uploads\/2021\/09\/soka-gakkai-espana-logo-6.png\",\"contentUrl\":\"https:\/\/sgi-es.org\/wp-content\/uploads\/2021\/09\/soka-gakkai-espana-logo-6.png\",\"width\":1000,\"height\":152,\"caption\":\"Soka Gakkai de Espa\u00f1a\"},\"image\":{\"@id\":\"https:\/\/sgi-es.org\/#\/schema\/logo\/image\/\"}},{\"@type\":\"Person\",\"@id\":\"https:\/\/sgi-es.org\/#\/schema\/person\/8db076f3d444a2f2dab2d057ebb10024\",\"name\":\"root_sgi-es\",\"image\":{\"@type\":\"ImageObject\",\"inLanguage\":\"eu-ES\",\"@id\":\"https:\/\/sgi-es.org\/#\/schema\/person\/image\/\",\"url\":\"https:\/\/secure.gravatar.com\/avatar\/c70873858abaa50cead4e039a83317ee?s=96&d=mm&r=g\",\"contentUrl\":\"https:\/\/secure.gravatar.com\/avatar\/c70873858abaa50cead4e039a83317ee?s=96&d=mm&r=g\",\"caption\":\"root_sgi-es\"}}]}<\/script>\n<!-- \/ Yoast SEO plugin. -->","yoast_head_json":{"title":"Actos y expresiones de homenaje a las contribuciones sociales de Daisaku Ikeda - SOKA GAKKAI DE ESPA\u00d1A","robots":{"index":"noindex","follow":"follow"},"og_locale":"eu_ES","og_type":"article","og_title":"Actos y expresiones de homenaje a las contribuciones sociales de Daisaku Ikeda - SOKA GAKKAI DE ESPA\u00d1A","og_description":"Tras los actos y pronunciamientos en honor de Daisaku Ikeda que se sucedieron en los d\u00edas y semanas inmediatamente posteriores a su fallecimiento, se han dado otros no menos significativos. En varios casos, han contado con la participaci\u00f3n e incluso el impulso de instituciones, organizaciones o personalidades cuyo respeto y agradecimiento hacia \u00e9l se relacionan [&hellip;]","og_url":"https:\/\/sgi-es.org\/eu\/actos-y-expresiones-de-homenaje-a-las-contribuciones-sociales-de-daisaku-ikeda-2\/","og_site_name":"SOKA GAKKAI DE ESPA\u00d1A","article_published_time":"2024-03-06T13:37:44+00:00","og_image":[{"width":2390,"height":1669,"url":"https:\/\/sgi-es.org\/wp-content\/uploads\/2024\/03\/News-1-13.jpg","type":"image\/jpeg"}],"author":"root_sgi-es","twitter_card":"summary_large_image","twitter_misc":{"Written by":"root_sgi-es","Est. reading time":"4 minutes"},"schema":{"@context":"https:\/\/schema.org","@graph":[{"@type":"Article","@id":"https:\/\/sgi-es.org\/eu\/actos-y-expresiones-de-homenaje-a-las-contribuciones-sociales-de-daisaku-ikeda-2\/#article","isPartOf":{"@id":"https:\/\/sgi-es.org\/eu\/actos-y-expresiones-de-homenaje-a-las-contribuciones-sociales-de-daisaku-ikeda-2\/"},"author":{"name":"root_sgi-es","@id":"https:\/\/sgi-es.org\/#\/schema\/person\/8db076f3d444a2f2dab2d057ebb10024"},"headline":"Actos y expresiones de homenaje a las contribuciones sociales de Daisaku Ikeda","datePublished":"2024-03-06T13:37:44+00:00","dateModified":"2024-03-06T13:37:44+00:00","mainEntityOfPage":{"@id":"https:\/\/sgi-es.org\/eu\/actos-y-expresiones-de-homenaje-a-las-contribuciones-sociales-de-daisaku-ikeda-2\/"},"wordCount":634,"publisher":{"@id":"https:\/\/sgi-es.org\/#organization"},"articleSection":["Noticias"],"inLanguage":"eu-ES"},{"@type":"WebPage","@id":"https:\/\/sgi-es.org\/eu\/actos-y-expresiones-de-homenaje-a-las-contribuciones-sociales-de-daisaku-ikeda-2\/","url":"https:\/\/sgi-es.org\/eu\/actos-y-expresiones-de-homenaje-a-las-contribuciones-sociales-de-daisaku-ikeda-2\/","name":"Actos y expresiones de homenaje a las contribuciones sociales de Daisaku Ikeda - SOKA GAKKAI DE ESPA\u00d1A","isPartOf":{"@id":"https:\/\/sgi-es.org\/#website"},"datePublished":"2024-03-06T13:37:44+00:00","dateModified":"2024-03-06T13:37:44+00:00","breadcrumb":{"@id":"https:\/\/sgi-es.org\/eu\/actos-y-expresiones-de-homenaje-a-las-contribuciones-sociales-de-daisaku-ikeda-2\/#breadcrumb"},"inLanguage":"eu-ES","potentialAction":[{"@type":"ReadAction","target":["https:\/\/sgi-es.org\/eu\/actos-y-expresiones-de-homenaje-a-las-contribuciones-sociales-de-daisaku-ikeda-2\/"]}]},{"@type":"BreadcrumbList","@id":"https:\/\/sgi-es.org\/eu\/actos-y-expresiones-de-homenaje-a-las-contribuciones-sociales-de-daisaku-ikeda-2\/#breadcrumb","itemListElement":[{"@type":"ListItem","position":1,"name":"Portada","item":"https:\/\/sgi-es.org\/eu\/"},{"@type":"ListItem","position":2,"name":"Actos y expresiones de homenaje a las contribuciones sociales de Daisaku Ikeda"}]},{"@type":"WebSite","@id":"https:\/\/sgi-es.org\/#website","url":"https:\/\/sgi-es.org\/","name":"SOKA GAKKAI DE ESPA\u00d1A","description":"","publisher":{"@id":"https:\/\/sgi-es.org\/#organization"},"potentialAction":[{"@type":"SearchAction","target":{"@type":"EntryPoint","urlTemplate":"https:\/\/sgi-es.org\/?s={search_term_string}"},"query-input":"required name=search_term_string"}],"inLanguage":"eu-ES"},{"@type":"Organization","@id":"https:\/\/sgi-es.org\/#organization","name":"Soka Gakkai de Espa\u00f1a","url":"https:\/\/sgi-es.org\/","logo":{"@type":"ImageObject","inLanguage":"eu-ES","@id":"https:\/\/sgi-es.org\/#\/schema\/logo\/image\/","url":"https:\/\/sgi-es.org\/wp-content\/uploads\/2021\/09\/soka-gakkai-espana-logo-6.png","contentUrl":"https:\/\/sgi-es.org\/wp-content\/uploads\/2021\/09\/soka-gakkai-espana-logo-6.png","width":1000,"height":152,"caption":"Soka Gakkai de Espa\u00f1a"},"image":{"@id":"https:\/\/sgi-es.org\/#\/schema\/logo\/image\/"}},{"@type":"Person","@id":"https:\/\/sgi-es.org\/#\/schema\/person\/8db076f3d444a2f2dab2d057ebb10024","name":"root_sgi-es","image":{"@type":"ImageObject","inLanguage":"eu-ES","@id":"https:\/\/sgi-es.org\/#\/schema\/person\/image\/","url":"https:\/\/secure.gravatar.com\/avatar\/c70873858abaa50cead4e039a83317ee?s=96&d=mm&r=g","contentUrl":"https:\/\/secure.gravatar.com\/avatar\/c70873858abaa50cead4e039a83317ee?s=96&d=mm&r=g","caption":"root_sgi-es"}}]}},"_links":{"self":[{"href":"https:\/\/sgi-es.org\/eu\/wp-json\/wp\/v2\/posts\/2586","targetHints":{"allow":["GET"]}}],"collection":[{"href":"https:\/\/sgi-es.org\/eu\/wp-json\/wp\/v2\/posts"}],"about":[{"href":"https:\/\/sgi-es.org\/eu\/wp-json\/wp\/v2\/types\/post"}],"author":[{"embeddable":true,"href":"https:\/\/sgi-es.org\/eu\/wp-json\/wp\/v2\/users\/7"}],"replies":[{"embeddable":true,"href":"https:\/\/sgi-es.org\/eu\/wp-json\/wp\/v2\/comments?post=2586"}],"version-history":[{"count":1,"href":"https:\/\/sgi-es.org\/eu\/wp-json\/wp\/v2\/posts\/2586\/revisions"}],"predecessor-version":[{"id":2587,"href":"https:\/\/sgi-es.org\/eu\/wp-json\/wp\/v2\/posts\/2586\/revisions\/2587"}],"wp:featuredmedia":[{"embeddable":true,"href":"https:\/\/sgi-es.org\/eu\/wp-json\/wp\/v2\/media\/2580"}],"wp:attachment":[{"href":"https:\/\/sgi-es.org\/eu\/wp-json\/wp\/v2\/media?parent=2586"}],"wp:term":[{"taxonomy":"category","embeddable":true,"href":"https:\/\/sgi-es.org\/eu\/wp-json\/wp\/v2\/categories?post=2586"},{"taxonomy":"post_tag","embeddable":true,"href":"https:\/\/sgi-es.org\/eu\/wp-json\/wp\/v2\/tags?post=2586"}],"curies":[{"name":"wp","href":"https:\/\/api.w.org\/{rel}","templated":true}]}}