{"id":3137,"date":"2024-12-11T17:29:29","date_gmt":"2024-12-11T16:29:29","guid":{"rendered":"https:\/\/sgi-es.org\/?p=3137"},"modified":"2024-12-11T17:29:29","modified_gmt":"2024-12-11T16:29:29","slug":"ceremonia-de-la-sges-en-memoria-de-los-seres-fallecidos","status":"publish","type":"post","link":"https:\/\/sgi-es.org\/eu\/ceremonia-de-la-sges-en-memoria-de-los-seres-fallecidos\/","title":{"rendered":"Ceremonia de la SGEs en memoria de los seres fallecidos"},"content":{"rendered":"<p>El 1 de noviembre tuvo lugar la ceremonia en memoria de los seres fallecidos que la SGEs convoca anualmente. En com\u00fan con las ediciones recientes, la de este a\u00f1o tuvo que, antes del\u00a0<em>gongyo<\/em>\u00a0en cada lugar, se emiti\u00f3 en directo desde el Centro Cultural Soka de Rivas-Vaciamadrid una intervenci\u00f3n introductoria. Como aspecto tristemente distintivo estuvo que, tres d\u00edas antes, los efectos de la DANA se hab\u00edan cobrado demasiadas vidas que recordar.<\/p>\n<p>Fue el director general de la SGEs, Enrique Caputo, quien, en ese contexto, comparti\u00f3 reflexiones sobre la vida y la muerte enraizadas en el budismo y, en particular, en la ense\u00f1anza de Nichiren Daishonin.<\/p>\n<figure id=\"attachment_3112\" aria-describedby=\"caption-attachment-3112\" style=\"width: 720px\" class=\"wp-caption aligncenter\"><img loading=\"lazy\" decoding=\"async\" class=\"size-large wp-image-3112\" src=\"https:\/\/sgi-es.org\/wp-content\/uploads\/2024\/12\/intro-ceremonia-memoria-fallecidos-2024-revista-cg-720x480.jpg\" alt=\"\" width=\"720\" height=\"480\" \/><figcaption id=\"caption-attachment-3112\" class=\"wp-caption-text\">Enrique Caputo ofrece las palabras introductorias de la ceremonia de la SGEs en memoria de los seres fallecidos | Foto: Civilizaci\u00f3n Global<\/figcaption><\/figure>\n<p>El mensaje esencial del budismo no es pesimista, pero tampoco es de un optimismo irracional. La filosof\u00eda budista examina directamente los sufrimientos de la vida y propone experimentarla con alegr\u00eda como resultado de un compromiso con la realidad, no de negarla o eludirla. El profundo j\u00fabilo de vivir,\u00a0 un sentimiento perdurable, surge cuando se percibe claramente la realidad del sufrimiento y se enfrenta con valent\u00eda hasta trascenderlo.<\/p>\n<p>Hoy, muchas personas perciben la vida como algo que empieza con la concepci\u00f3n o el nacimiento y termina con la muerte, pero la perspectiva budista reconoce integralmente la naturaleza de la vida, ya sea en su manifestaci\u00f3n activa como en los per\u00edodos de latencia, fases que se alternan en un continuo sin fin.<\/p>\n<p>Como es tradici\u00f3n, en el altar del Centro Cultural Soka se coloc\u00f3 una carpeta que conten\u00eda la lista con los nombres de seres queridos enviados previamente por miembros, familiares y amigos de la SGEs y, en esta oportunidad, se propuso orar tambi\u00e9n por las v\u00edctimas de la DANA. Ante la evidencia de que situar la dignidad de la vida, la seguridad humana y la protecci\u00f3n social en el centro es una necesidad imperiosa de nuestra sociedad, el\u00a0<em>daimoku<\/em>\u00a0estuvo a la vez enfocado en el compromiso de seguir promoviendo, con mayor vigor a\u00fan, la expansi\u00f3n de la filosof\u00eda humanista del budismo, que pone la dignidad de la vida en primer plano.<\/p>\n","protected":false},"excerpt":{"rendered":"<p>El 1 de noviembre tuvo lugar la ceremonia en memoria de los seres fallecidos que la SGEs convoca anualmente. En com\u00fan con las ediciones recientes, la de este a\u00f1o tuvo que, antes del\u00a0gongyo\u00a0en cada lugar, se emiti\u00f3 en directo desde el Centro Cultural Soka de Rivas-Vaciamadrid una intervenci\u00f3n introductoria. Como aspecto tristemente distintivo estuvo que, [&hellip;]<\/p>\n","protected":false},"author":7,"featured_media":0,"comment_status":"closed","ping_status":"closed","sticky":false,"template":"","format":"standard","meta":{"site-sidebar-layout":"default","site-content-layout":"","ast-site-content-layout":"normal-width-container","site-content-style":"default","site-sidebar-style":"default","ast-global-header-display":"","ast-banner-title-visibility":"","ast-main-header-display":"","ast-hfb-above-header-display":"","ast-hfb-below-header-display":"","ast-hfb-mobile-header-display":"","site-post-title":"","ast-breadcrumbs-content":"","ast-featured-img":"disabled","footer-sml-layout":"","theme-transparent-header-meta":"default","adv-header-id-meta":"","stick-header-meta":"default","header-above-stick-meta":"","header-main-stick-meta":"","header-below-stick-meta":"","astra-migrate-meta-layouts":"set","ast-page-background-enabled":"default","ast-page-background-meta":{"desktop":{"background-color":"","background-image":"","background-repeat":"repeat","background-position":"center center","background-size":"auto","background-attachment":"scroll","background-type":"","background-media":"","overlay-type":"","overlay-color":"","overlay-opacity":"","overlay-gradient":""},"tablet":{"background-color":"","background-image":"","background-repeat":"repeat","background-position":"center center","background-size":"auto","background-attachment":"scroll","background-type":"","background-media":"","overlay-type":"","overlay-color":"","overlay-opacity":"","overlay-gradient":""},"mobile":{"background-color":"","background-image":"","background-repeat":"repeat","background-position":"center center","background-size":"auto","background-attachment":"scroll","background-type":"","background-media":"","overlay-type":"","overlay-color":"","overlay-opacity":"","overlay-gradient":""}},"ast-content-background-meta":{"desktop":{"background-color":"var(--ast-global-color-5)","background-image":"","background-repeat":"repeat","background-position":"center center","background-size":"auto","background-attachment":"scroll","background-type":"","background-media":"","overlay-type":"","overlay-color":"","overlay-opacity":"","overlay-gradient":""},"tablet":{"background-color":"var(--ast-global-color-5)","background-image":"","background-repeat":"repeat","background-position":"center center","background-size":"auto","background-attachment":"scroll","background-type":"","background-media":"","overlay-type":"","overlay-color":"","overlay-opacity":"","overlay-gradient":""},"mobile":{"background-color":"var(--ast-global-color-5)","background-image":"","background-repeat":"repeat","background-position":"center center","background-size":"auto","background-attachment":"scroll","background-type":"","background-media":"","overlay-type":"","overlay-color":"","overlay-opacity":"","overlay-gradient":""}},"footnotes":""},"categories":[54],"tags":[],"class_list":["post-3137","post","type-post","status-publish","format-standard","hentry","category-noticias-2"],"yoast_head":"<!-- This site is optimized with the Yoast SEO plugin v22.0 - https:\/\/yoast.com\/wordpress\/plugins\/seo\/ -->\n<title>Ceremonia de la SGEs en memoria de los seres fallecidos - SOKA GAKKAI DE ESPA\u00d1A<\/title>\n<meta name=\"robots\" content=\"noindex, follow\" \/>\n<meta property=\"og:locale\" content=\"eu_ES\" \/>\n<meta property=\"og:type\" content=\"article\" \/>\n<meta property=\"og:title\" content=\"Ceremonia de la SGEs en memoria de los seres fallecidos - SOKA GAKKAI DE ESPA\u00d1A\" \/>\n<meta property=\"og:description\" content=\"El 1 de noviembre tuvo lugar la ceremonia en memoria de los seres fallecidos que la SGEs convoca anualmente. En com\u00fan con las ediciones recientes, la de este a\u00f1o tuvo que, antes del\u00a0gongyo\u00a0en cada lugar, se emiti\u00f3 en directo desde el Centro Cultural Soka de Rivas-Vaciamadrid una intervenci\u00f3n introductoria. Como aspecto tristemente distintivo estuvo que, [&hellip;]\" \/>\n<meta property=\"og:url\" content=\"https:\/\/sgi-es.org\/eu\/ceremonia-de-la-sges-en-memoria-de-los-seres-fallecidos\/\" \/>\n<meta property=\"og:site_name\" content=\"SOKA GAKKAI DE ESPA\u00d1A\" \/>\n<meta property=\"article:published_time\" content=\"2024-12-11T16:29:29+00:00\" \/>\n<meta property=\"og:image\" content=\"https:\/\/sgi-es.org\/wp-content\/uploads\/2024\/12\/intro-ceremonia-memoria-fallecidos-2024-revista-cg.jpg\" \/>\n\t<meta property=\"og:image:width\" content=\"825\" \/>\n\t<meta property=\"og:image:height\" content=\"550\" \/>\n\t<meta property=\"og:image:type\" content=\"image\/jpeg\" \/>\n<meta name=\"author\" content=\"root_sgi-es\" \/>\n<meta name=\"twitter:card\" content=\"summary_large_image\" \/>\n<meta name=\"twitter:label1\" content=\"Written by\" \/>\n\t<meta name=\"twitter:data1\" content=\"root_sgi-es\" \/>\n\t<meta name=\"twitter:label2\" content=\"Est. reading time\" \/>\n\t<meta name=\"twitter:data2\" content=\"3 minutes\" \/>\n<script type=\"application\/ld+json\" class=\"yoast-schema-graph\">{\"@context\":\"https:\/\/schema.org\",\"@graph\":[{\"@type\":\"Article\",\"@id\":\"https:\/\/sgi-es.org\/eu\/ceremonia-de-la-sges-en-memoria-de-los-seres-fallecidos\/#article\",\"isPartOf\":{\"@id\":\"https:\/\/sgi-es.org\/eu\/ceremonia-de-la-sges-en-memoria-de-los-seres-fallecidos\/\"},\"author\":{\"name\":\"root_sgi-es\",\"@id\":\"https:\/\/sgi-es.org\/#\/schema\/person\/8db076f3d444a2f2dab2d057ebb10024\"},\"headline\":\"Ceremonia de la SGEs en memoria de los seres fallecidos\",\"datePublished\":\"2024-12-11T16:29:29+00:00\",\"dateModified\":\"2024-12-11T16:29:29+00:00\",\"mainEntityOfPage\":{\"@id\":\"https:\/\/sgi-es.org\/eu\/ceremonia-de-la-sges-en-memoria-de-los-seres-fallecidos\/\"},\"wordCount\":396,\"publisher\":{\"@id\":\"https:\/\/sgi-es.org\/#organization\"},\"articleSection\":[\"Noticias\"],\"inLanguage\":\"eu-ES\"},{\"@type\":\"WebPage\",\"@id\":\"https:\/\/sgi-es.org\/eu\/ceremonia-de-la-sges-en-memoria-de-los-seres-fallecidos\/\",\"url\":\"https:\/\/sgi-es.org\/eu\/ceremonia-de-la-sges-en-memoria-de-los-seres-fallecidos\/\",\"name\":\"Ceremonia de la SGEs en memoria de los seres fallecidos - SOKA GAKKAI DE ESPA\u00d1A\",\"isPartOf\":{\"@id\":\"https:\/\/sgi-es.org\/#website\"},\"datePublished\":\"2024-12-11T16:29:29+00:00\",\"dateModified\":\"2024-12-11T16:29:29+00:00\",\"breadcrumb\":{\"@id\":\"https:\/\/sgi-es.org\/eu\/ceremonia-de-la-sges-en-memoria-de-los-seres-fallecidos\/#breadcrumb\"},\"inLanguage\":\"eu-ES\",\"potentialAction\":[{\"@type\":\"ReadAction\",\"target\":[\"https:\/\/sgi-es.org\/eu\/ceremonia-de-la-sges-en-memoria-de-los-seres-fallecidos\/\"]}]},{\"@type\":\"BreadcrumbList\",\"@id\":\"https:\/\/sgi-es.org\/eu\/ceremonia-de-la-sges-en-memoria-de-los-seres-fallecidos\/#breadcrumb\",\"itemListElement\":[{\"@type\":\"ListItem\",\"position\":1,\"name\":\"Portada\",\"item\":\"https:\/\/sgi-es.org\/eu\/\"},{\"@type\":\"ListItem\",\"position\":2,\"name\":\"Ceremonia de la SGEs en memoria de los seres fallecidos\"}]},{\"@type\":\"WebSite\",\"@id\":\"https:\/\/sgi-es.org\/#website\",\"url\":\"https:\/\/sgi-es.org\/\",\"name\":\"SOKA GAKKAI DE ESPA\u00d1A\",\"description\":\"\",\"publisher\":{\"@id\":\"https:\/\/sgi-es.org\/#organization\"},\"potentialAction\":[{\"@type\":\"SearchAction\",\"target\":{\"@type\":\"EntryPoint\",\"urlTemplate\":\"https:\/\/sgi-es.org\/?s={search_term_string}\"},\"query-input\":\"required name=search_term_string\"}],\"inLanguage\":\"eu-ES\"},{\"@type\":\"Organization\",\"@id\":\"https:\/\/sgi-es.org\/#organization\",\"name\":\"Soka Gakkai de Espa\u00f1a\",\"url\":\"https:\/\/sgi-es.org\/\",\"logo\":{\"@type\":\"ImageObject\",\"inLanguage\":\"eu-ES\",\"@id\":\"https:\/\/sgi-es.org\/#\/schema\/logo\/image\/\",\"url\":\"https:\/\/sgi-es.org\/wp-content\/uploads\/2021\/09\/soka-gakkai-espana-logo-6.png\",\"contentUrl\":\"https:\/\/sgi-es.org\/wp-content\/uploads\/2021\/09\/soka-gakkai-espana-logo-6.png\",\"width\":1000,\"height\":152,\"caption\":\"Soka Gakkai de Espa\u00f1a\"},\"image\":{\"@id\":\"https:\/\/sgi-es.org\/#\/schema\/logo\/image\/\"}},{\"@type\":\"Person\",\"@id\":\"https:\/\/sgi-es.org\/#\/schema\/person\/8db076f3d444a2f2dab2d057ebb10024\",\"name\":\"root_sgi-es\",\"image\":{\"@type\":\"ImageObject\",\"inLanguage\":\"eu-ES\",\"@id\":\"https:\/\/sgi-es.org\/#\/schema\/person\/image\/\",\"url\":\"https:\/\/secure.gravatar.com\/avatar\/c70873858abaa50cead4e039a83317ee?s=96&d=mm&r=g\",\"contentUrl\":\"https:\/\/secure.gravatar.com\/avatar\/c70873858abaa50cead4e039a83317ee?s=96&d=mm&r=g\",\"caption\":\"root_sgi-es\"}}]}<\/script>\n<!-- \/ Yoast SEO plugin. -->","yoast_head_json":{"title":"Ceremonia de la SGEs en memoria de los seres fallecidos - SOKA GAKKAI DE ESPA\u00d1A","robots":{"index":"noindex","follow":"follow"},"og_locale":"eu_ES","og_type":"article","og_title":"Ceremonia de la SGEs en memoria de los seres fallecidos - SOKA GAKKAI DE ESPA\u00d1A","og_description":"El 1 de noviembre tuvo lugar la ceremonia en memoria de los seres fallecidos que la SGEs convoca anualmente. En com\u00fan con las ediciones recientes, la de este a\u00f1o tuvo que, antes del\u00a0gongyo\u00a0en cada lugar, se emiti\u00f3 en directo desde el Centro Cultural Soka de Rivas-Vaciamadrid una intervenci\u00f3n introductoria. Como aspecto tristemente distintivo estuvo que, [&hellip;]","og_url":"https:\/\/sgi-es.org\/eu\/ceremonia-de-la-sges-en-memoria-de-los-seres-fallecidos\/","og_site_name":"SOKA GAKKAI DE ESPA\u00d1A","article_published_time":"2024-12-11T16:29:29+00:00","og_image":[{"width":825,"height":550,"url":"https:\/\/sgi-es.org\/wp-content\/uploads\/2024\/12\/intro-ceremonia-memoria-fallecidos-2024-revista-cg.jpg","type":"image\/jpeg"}],"author":"root_sgi-es","twitter_card":"summary_large_image","twitter_misc":{"Written by":"root_sgi-es","Est. reading time":"3 minutes"},"schema":{"@context":"https:\/\/schema.org","@graph":[{"@type":"Article","@id":"https:\/\/sgi-es.org\/eu\/ceremonia-de-la-sges-en-memoria-de-los-seres-fallecidos\/#article","isPartOf":{"@id":"https:\/\/sgi-es.org\/eu\/ceremonia-de-la-sges-en-memoria-de-los-seres-fallecidos\/"},"author":{"name":"root_sgi-es","@id":"https:\/\/sgi-es.org\/#\/schema\/person\/8db076f3d444a2f2dab2d057ebb10024"},"headline":"Ceremonia de la SGEs en memoria de los seres fallecidos","datePublished":"2024-12-11T16:29:29+00:00","dateModified":"2024-12-11T16:29:29+00:00","mainEntityOfPage":{"@id":"https:\/\/sgi-es.org\/eu\/ceremonia-de-la-sges-en-memoria-de-los-seres-fallecidos\/"},"wordCount":396,"publisher":{"@id":"https:\/\/sgi-es.org\/#organization"},"articleSection":["Noticias"],"inLanguage":"eu-ES"},{"@type":"WebPage","@id":"https:\/\/sgi-es.org\/eu\/ceremonia-de-la-sges-en-memoria-de-los-seres-fallecidos\/","url":"https:\/\/sgi-es.org\/eu\/ceremonia-de-la-sges-en-memoria-de-los-seres-fallecidos\/","name":"Ceremonia de la SGEs en memoria de los seres fallecidos - SOKA GAKKAI DE ESPA\u00d1A","isPartOf":{"@id":"https:\/\/sgi-es.org\/#website"},"datePublished":"2024-12-11T16:29:29+00:00","dateModified":"2024-12-11T16:29:29+00:00","breadcrumb":{"@id":"https:\/\/sgi-es.org\/eu\/ceremonia-de-la-sges-en-memoria-de-los-seres-fallecidos\/#breadcrumb"},"inLanguage":"eu-ES","potentialAction":[{"@type":"ReadAction","target":["https:\/\/sgi-es.org\/eu\/ceremonia-de-la-sges-en-memoria-de-los-seres-fallecidos\/"]}]},{"@type":"BreadcrumbList","@id":"https:\/\/sgi-es.org\/eu\/ceremonia-de-la-sges-en-memoria-de-los-seres-fallecidos\/#breadcrumb","itemListElement":[{"@type":"ListItem","position":1,"name":"Portada","item":"https:\/\/sgi-es.org\/eu\/"},{"@type":"ListItem","position":2,"name":"Ceremonia de la SGEs en memoria de los seres fallecidos"}]},{"@type":"WebSite","@id":"https:\/\/sgi-es.org\/#website","url":"https:\/\/sgi-es.org\/","name":"SOKA GAKKAI DE ESPA\u00d1A","description":"","publisher":{"@id":"https:\/\/sgi-es.org\/#organization"},"potentialAction":[{"@type":"SearchAction","target":{"@type":"EntryPoint","urlTemplate":"https:\/\/sgi-es.org\/?s={search_term_string}"},"query-input":"required name=search_term_string"}],"inLanguage":"eu-ES"},{"@type":"Organization","@id":"https:\/\/sgi-es.org\/#organization","name":"Soka Gakkai de Espa\u00f1a","url":"https:\/\/sgi-es.org\/","logo":{"@type":"ImageObject","inLanguage":"eu-ES","@id":"https:\/\/sgi-es.org\/#\/schema\/logo\/image\/","url":"https:\/\/sgi-es.org\/wp-content\/uploads\/2021\/09\/soka-gakkai-espana-logo-6.png","contentUrl":"https:\/\/sgi-es.org\/wp-content\/uploads\/2021\/09\/soka-gakkai-espana-logo-6.png","width":1000,"height":152,"caption":"Soka Gakkai de Espa\u00f1a"},"image":{"@id":"https:\/\/sgi-es.org\/#\/schema\/logo\/image\/"}},{"@type":"Person","@id":"https:\/\/sgi-es.org\/#\/schema\/person\/8db076f3d444a2f2dab2d057ebb10024","name":"root_sgi-es","image":{"@type":"ImageObject","inLanguage":"eu-ES","@id":"https:\/\/sgi-es.org\/#\/schema\/person\/image\/","url":"https:\/\/secure.gravatar.com\/avatar\/c70873858abaa50cead4e039a83317ee?s=96&d=mm&r=g","contentUrl":"https:\/\/secure.gravatar.com\/avatar\/c70873858abaa50cead4e039a83317ee?s=96&d=mm&r=g","caption":"root_sgi-es"}}]}},"_links":{"self":[{"href":"https:\/\/sgi-es.org\/eu\/wp-json\/wp\/v2\/posts\/3137","targetHints":{"allow":["GET"]}}],"collection":[{"href":"https:\/\/sgi-es.org\/eu\/wp-json\/wp\/v2\/posts"}],"about":[{"href":"https:\/\/sgi-es.org\/eu\/wp-json\/wp\/v2\/types\/post"}],"author":[{"embeddable":true,"href":"https:\/\/sgi-es.org\/eu\/wp-json\/wp\/v2\/users\/7"}],"replies":[{"embeddable":true,"href":"https:\/\/sgi-es.org\/eu\/wp-json\/wp\/v2\/comments?post=3137"}],"version-history":[{"count":2,"href":"https:\/\/sgi-es.org\/eu\/wp-json\/wp\/v2\/posts\/3137\/revisions"}],"predecessor-version":[{"id":3139,"href":"https:\/\/sgi-es.org\/eu\/wp-json\/wp\/v2\/posts\/3137\/revisions\/3139"}],"wp:attachment":[{"href":"https:\/\/sgi-es.org\/eu\/wp-json\/wp\/v2\/media?parent=3137"}],"wp:term":[{"taxonomy":"category","embeddable":true,"href":"https:\/\/sgi-es.org\/eu\/wp-json\/wp\/v2\/categories?post=3137"},{"taxonomy":"post_tag","embeddable":true,"href":"https:\/\/sgi-es.org\/eu\/wp-json\/wp\/v2\/tags?post=3137"}],"curies":[{"name":"wp","href":"https:\/\/api.w.org\/{rel}","templated":true}]}}