{"id":2368,"date":"2024-02-20T13:25:24","date_gmt":"2024-02-20T12:25:24","guid":{"rendered":"https:\/\/sgi-es.org\/?p=2368"},"modified":"2024-02-20T13:25:24","modified_gmt":"2024-02-20T12:25:24","slug":"el-papa-francisco-expresa-su-gratitud-por-los-esfuerzos-de-paz-de-daisaku-ikeda","status":"publish","type":"post","link":"https:\/\/sgi-es.org\/gl\/el-papa-francisco-expresa-su-gratitud-por-los-esfuerzos-de-paz-de-daisaku-ikeda\/","title":{"rendered":"El papa Francisco expresa su gratitud por los esfuerzos de paz de Daisaku Ikeda"},"content":{"rendered":"<p>La edici\u00f3n del 22 de diciembre del\u00a0<em>Seikyo Shimbun<\/em>\u00a0inform\u00f3 de que, tras el fallecimiento de Daisaku Ikeda, el papa Francisco transmiti\u00f3 sus condolencias a trav\u00e9s del Instituto Budista Italiano Soka Gakkai.<\/p>\n<p>En su mensaje, Francisco, m\u00e1xima autoridad de la Iglesia cat\u00f3lica, reconoci\u00f3 el papel de Ikeda como l\u00edder espiritual y maestro de tantas personas, y expres\u00f3 su m\u00e1s sentido p\u00e9same a la familia y a la comunidad budista en general. Adem\u00e1s, elogi\u00f3 el compromiso duradero con la paz y los esfuerzos de Ikeda para fomentar el di\u00e1logo interreligioso a lo largo de su vida.<\/p>\n<p>El papa concluy\u00f3 sus palabras afirmando que mantiene en sus oraciones al maestro Ikeda y a quienes promueven su visi\u00f3n de unidad de todos los pueblos.<\/p>\n<figure id=\"attachment_2363\" aria-describedby=\"caption-attachment-2363\" style=\"width: 720px\" class=\"wp-caption aligncenter\"><img loading=\"lazy\" decoding=\"async\" class=\"size-large wp-image-2363\" src=\"https:\/\/sgi-es.org\/wp-content\/uploads\/2024\/02\/2d2tkma5-720x483.png\" alt=\"\" width=\"720\" height=\"483\" srcset=\"https:\/\/sgi-es.org\/wp-content\/uploads\/2024\/02\/2d2tkma5-720x483.png 720w, https:\/\/sgi-es.org\/wp-content\/uploads\/2024\/02\/2d2tkma5-300x201.png 300w, https:\/\/sgi-es.org\/wp-content\/uploads\/2024\/02\/2d2tkma5-768x516.png 768w, https:\/\/sgi-es.org\/wp-content\/uploads\/2024\/02\/2d2tkma5.png 791w\" sizes=\"auto, (max-width: 720px) 100vw, 720px\" \/><figcaption id=\"caption-attachment-2363\" class=\"wp-caption-text\">El papa Francisco | Foto: Por <a href=\"https:\/\/pixabay.com\/es\/users\/annett_klingner-6338848\/\" target=\"_blank\" rel=\"noopener\">Annett Klingner<\/a> en <a href=\"https:\/\/pixabay.com\/es\/\" target=\"_blank\" rel=\"noopener\">Pixabay<\/a><\/figcaption><\/figure>\n","protected":false},"excerpt":{"rendered":"<p>La edici\u00f3n del 22 de diciembre del\u00a0Seikyo Shimbun\u00a0inform\u00f3 de que, tras el fallecimiento de Daisaku Ikeda, el papa Francisco transmiti\u00f3 sus condolencias a trav\u00e9s del Instituto Budista Italiano Soka Gakkai. En su mensaje, Francisco, m\u00e1xima autoridad de la Iglesia cat\u00f3lica, reconoci\u00f3 el papel de Ikeda como l\u00edder espiritual y maestro de tantas personas, y expres\u00f3 [&hellip;]<\/p>\n","protected":false},"author":7,"featured_media":2363,"comment_status":"closed","ping_status":"closed","sticky":false,"template":"","format":"standard","meta":{"site-sidebar-layout":"default","site-content-layout":"","ast-site-content-layout":"normal-width-container","site-content-style":"default","site-sidebar-style":"default","ast-global-header-display":"","ast-banner-title-visibility":"","ast-main-header-display":"","ast-hfb-above-header-display":"","ast-hfb-below-header-display":"","ast-hfb-mobile-header-display":"","site-post-title":"","ast-breadcrumbs-content":"","ast-featured-img":"disabled","footer-sml-layout":"","theme-transparent-header-meta":"default","adv-header-id-meta":"","stick-header-meta":"default","header-above-stick-meta":"","header-main-stick-meta":"","header-below-stick-meta":"","astra-migrate-meta-layouts":"set","ast-page-background-enabled":"default","ast-page-background-meta":{"desktop":{"background-color":"","background-image":"","background-repeat":"repeat","background-position":"center center","background-size":"auto","background-attachment":"scroll","background-type":"","background-media":"","overlay-type":"","overlay-color":"","overlay-opacity":"","overlay-gradient":""},"tablet":{"background-color":"","background-image":"","background-repeat":"repeat","background-position":"center center","background-size":"auto","background-attachment":"scroll","background-type":"","background-media":"","overlay-type":"","overlay-color":"","overlay-opacity":"","overlay-gradient":""},"mobile":{"background-color":"","background-image":"","background-repeat":"repeat","background-position":"center center","background-size":"auto","background-attachment":"scroll","background-type":"","background-media":"","overlay-type":"","overlay-color":"","overlay-opacity":"","overlay-gradient":""}},"ast-content-background-meta":{"desktop":{"background-color":"var(--ast-global-color-5)","background-image":"","background-repeat":"repeat","background-position":"center center","background-size":"auto","background-attachment":"scroll","background-type":"","background-media":"","overlay-type":"","overlay-color":"","overlay-opacity":"","overlay-gradient":""},"tablet":{"background-color":"var(--ast-global-color-5)","background-image":"","background-repeat":"repeat","background-position":"center center","background-size":"auto","background-attachment":"scroll","background-type":"","background-media":"","overlay-type":"","overlay-color":"","overlay-opacity":"","overlay-gradient":""},"mobile":{"background-color":"var(--ast-global-color-5)","background-image":"","background-repeat":"repeat","background-position":"center center","background-size":"auto","background-attachment":"scroll","background-type":"","background-media":"","overlay-type":"","overlay-color":"","overlay-opacity":"","overlay-gradient":""}},"footnotes":""},"categories":[56],"tags":[],"class_list":["post-2368","post","type-post","status-publish","format-standard","has-post-thumbnail","hentry","category-noticias-4"],"yoast_head":"<!-- This site is optimized with the Yoast SEO plugin v22.0 - https:\/\/yoast.com\/wordpress\/plugins\/seo\/ -->\n<title>El papa Francisco expresa su gratitud por los esfuerzos de paz de Daisaku Ikeda - SOKA GAKKAI DE ESPA\u00d1A<\/title>\n<meta name=\"robots\" content=\"noindex, follow\" \/>\n<meta property=\"og:locale\" content=\"gl_ES\" \/>\n<meta property=\"og:type\" content=\"article\" \/>\n<meta property=\"og:title\" content=\"El papa Francisco expresa su gratitud por los esfuerzos de paz de Daisaku Ikeda - SOKA GAKKAI DE ESPA\u00d1A\" \/>\n<meta property=\"og:description\" content=\"La edici\u00f3n del 22 de diciembre del\u00a0Seikyo Shimbun\u00a0inform\u00f3 de que, tras el fallecimiento de Daisaku Ikeda, el papa Francisco transmiti\u00f3 sus condolencias a trav\u00e9s del Instituto Budista Italiano Soka Gakkai. En su mensaje, Francisco, m\u00e1xima autoridad de la Iglesia cat\u00f3lica, reconoci\u00f3 el papel de Ikeda como l\u00edder espiritual y maestro de tantas personas, y expres\u00f3 [&hellip;]\" \/>\n<meta property=\"og:url\" content=\"https:\/\/sgi-es.org\/gl\/el-papa-francisco-expresa-su-gratitud-por-los-esfuerzos-de-paz-de-daisaku-ikeda\/\" \/>\n<meta property=\"og:site_name\" content=\"SOKA GAKKAI DE ESPA\u00d1A\" \/>\n<meta property=\"article:published_time\" content=\"2024-02-20T12:25:24+00:00\" \/>\n<meta property=\"og:image\" content=\"https:\/\/sgi-es.org\/wp-content\/uploads\/2024\/02\/2d2tkma5.png\" \/>\n\t<meta property=\"og:image:width\" content=\"791\" \/>\n\t<meta property=\"og:image:height\" content=\"531\" \/>\n\t<meta property=\"og:image:type\" content=\"image\/png\" \/>\n<meta name=\"author\" content=\"root_sgi-es\" \/>\n<meta name=\"twitter:card\" content=\"summary_large_image\" \/>\n<meta name=\"twitter:label1\" content=\"Escrito por\" \/>\n\t<meta name=\"twitter:data1\" content=\"root_sgi-es\" \/>\n\t<meta name=\"twitter:label2\" content=\"Tempo de lectura\" \/>\n\t<meta name=\"twitter:data2\" content=\"2 minutos\" \/>\n<script type=\"application\/ld+json\" class=\"yoast-schema-graph\">{\"@context\":\"https:\/\/schema.org\",\"@graph\":[{\"@type\":\"Article\",\"@id\":\"https:\/\/sgi-es.org\/gl\/el-papa-francisco-expresa-su-gratitud-por-los-esfuerzos-de-paz-de-daisaku-ikeda\/#article\",\"isPartOf\":{\"@id\":\"https:\/\/sgi-es.org\/gl\/el-papa-francisco-expresa-su-gratitud-por-los-esfuerzos-de-paz-de-daisaku-ikeda\/\"},\"author\":{\"name\":\"root_sgi-es\",\"@id\":\"https:\/\/sgi-es.org\/#\/schema\/person\/8db076f3d444a2f2dab2d057ebb10024\"},\"headline\":\"El papa Francisco expresa su gratitud por los esfuerzos de paz de Daisaku Ikeda\",\"datePublished\":\"2024-02-20T12:25:24+00:00\",\"dateModified\":\"2024-02-20T12:25:24+00:00\",\"mainEntityOfPage\":{\"@id\":\"https:\/\/sgi-es.org\/gl\/el-papa-francisco-expresa-su-gratitud-por-los-esfuerzos-de-paz-de-daisaku-ikeda\/\"},\"wordCount\":160,\"publisher\":{\"@id\":\"https:\/\/sgi-es.org\/#organization\"},\"articleSection\":[\"Noticias\"],\"inLanguage\":\"gl-ES\"},{\"@type\":\"WebPage\",\"@id\":\"https:\/\/sgi-es.org\/gl\/el-papa-francisco-expresa-su-gratitud-por-los-esfuerzos-de-paz-de-daisaku-ikeda\/\",\"url\":\"https:\/\/sgi-es.org\/gl\/el-papa-francisco-expresa-su-gratitud-por-los-esfuerzos-de-paz-de-daisaku-ikeda\/\",\"name\":\"El papa Francisco expresa su gratitud por los esfuerzos de paz de Daisaku Ikeda - SOKA GAKKAI DE ESPA\u00d1A\",\"isPartOf\":{\"@id\":\"https:\/\/sgi-es.org\/#website\"},\"datePublished\":\"2024-02-20T12:25:24+00:00\",\"dateModified\":\"2024-02-20T12:25:24+00:00\",\"breadcrumb\":{\"@id\":\"https:\/\/sgi-es.org\/gl\/el-papa-francisco-expresa-su-gratitud-por-los-esfuerzos-de-paz-de-daisaku-ikeda\/#breadcrumb\"},\"inLanguage\":\"gl-ES\",\"potentialAction\":[{\"@type\":\"ReadAction\",\"target\":[\"https:\/\/sgi-es.org\/gl\/el-papa-francisco-expresa-su-gratitud-por-los-esfuerzos-de-paz-de-daisaku-ikeda\/\"]}]},{\"@type\":\"BreadcrumbList\",\"@id\":\"https:\/\/sgi-es.org\/gl\/el-papa-francisco-expresa-su-gratitud-por-los-esfuerzos-de-paz-de-daisaku-ikeda\/#breadcrumb\",\"itemListElement\":[{\"@type\":\"ListItem\",\"position\":1,\"name\":\"Portada\",\"item\":\"https:\/\/sgi-es.org\/gl\/\"},{\"@type\":\"ListItem\",\"position\":2,\"name\":\"El papa Francisco expresa su gratitud por los esfuerzos de paz de Daisaku Ikeda\"}]},{\"@type\":\"WebSite\",\"@id\":\"https:\/\/sgi-es.org\/#website\",\"url\":\"https:\/\/sgi-es.org\/\",\"name\":\"SOKA GAKKAI DE ESPA\u00d1A\",\"description\":\"\",\"publisher\":{\"@id\":\"https:\/\/sgi-es.org\/#organization\"},\"potentialAction\":[{\"@type\":\"SearchAction\",\"target\":{\"@type\":\"EntryPoint\",\"urlTemplate\":\"https:\/\/sgi-es.org\/?s={search_term_string}\"},\"query-input\":\"required name=search_term_string\"}],\"inLanguage\":\"gl-ES\"},{\"@type\":\"Organization\",\"@id\":\"https:\/\/sgi-es.org\/#organization\",\"name\":\"Soka Gakkai de Espa\u00f1a\",\"url\":\"https:\/\/sgi-es.org\/\",\"logo\":{\"@type\":\"ImageObject\",\"inLanguage\":\"gl-ES\",\"@id\":\"https:\/\/sgi-es.org\/#\/schema\/logo\/image\/\",\"url\":\"https:\/\/sgi-es.org\/wp-content\/uploads\/2021\/09\/soka-gakkai-espana-logo-6.png\",\"contentUrl\":\"https:\/\/sgi-es.org\/wp-content\/uploads\/2021\/09\/soka-gakkai-espana-logo-6.png\",\"width\":1000,\"height\":152,\"caption\":\"Soka Gakkai de Espa\u00f1a\"},\"image\":{\"@id\":\"https:\/\/sgi-es.org\/#\/schema\/logo\/image\/\"}},{\"@type\":\"Person\",\"@id\":\"https:\/\/sgi-es.org\/#\/schema\/person\/8db076f3d444a2f2dab2d057ebb10024\",\"name\":\"root_sgi-es\",\"image\":{\"@type\":\"ImageObject\",\"inLanguage\":\"gl-ES\",\"@id\":\"https:\/\/sgi-es.org\/#\/schema\/person\/image\/\",\"url\":\"https:\/\/secure.gravatar.com\/avatar\/c70873858abaa50cead4e039a83317ee?s=96&d=mm&r=g\",\"contentUrl\":\"https:\/\/secure.gravatar.com\/avatar\/c70873858abaa50cead4e039a83317ee?s=96&d=mm&r=g\",\"caption\":\"root_sgi-es\"}}]}<\/script>\n<!-- \/ Yoast SEO plugin. -->","yoast_head_json":{"title":"El papa Francisco expresa su gratitud por los esfuerzos de paz de Daisaku Ikeda - SOKA GAKKAI DE ESPA\u00d1A","robots":{"index":"noindex","follow":"follow"},"og_locale":"gl_ES","og_type":"article","og_title":"El papa Francisco expresa su gratitud por los esfuerzos de paz de Daisaku Ikeda - SOKA GAKKAI DE ESPA\u00d1A","og_description":"La edici\u00f3n del 22 de diciembre del\u00a0Seikyo Shimbun\u00a0inform\u00f3 de que, tras el fallecimiento de Daisaku Ikeda, el papa Francisco transmiti\u00f3 sus condolencias a trav\u00e9s del Instituto Budista Italiano Soka Gakkai. En su mensaje, Francisco, m\u00e1xima autoridad de la Iglesia cat\u00f3lica, reconoci\u00f3 el papel de Ikeda como l\u00edder espiritual y maestro de tantas personas, y expres\u00f3 [&hellip;]","og_url":"https:\/\/sgi-es.org\/gl\/el-papa-francisco-expresa-su-gratitud-por-los-esfuerzos-de-paz-de-daisaku-ikeda\/","og_site_name":"SOKA GAKKAI DE ESPA\u00d1A","article_published_time":"2024-02-20T12:25:24+00:00","og_image":[{"width":791,"height":531,"url":"https:\/\/sgi-es.org\/wp-content\/uploads\/2024\/02\/2d2tkma5.png","type":"image\/png"}],"author":"root_sgi-es","twitter_card":"summary_large_image","twitter_misc":{"Escrito por":"root_sgi-es","Tempo de lectura":"2 minutos"},"schema":{"@context":"https:\/\/schema.org","@graph":[{"@type":"Article","@id":"https:\/\/sgi-es.org\/gl\/el-papa-francisco-expresa-su-gratitud-por-los-esfuerzos-de-paz-de-daisaku-ikeda\/#article","isPartOf":{"@id":"https:\/\/sgi-es.org\/gl\/el-papa-francisco-expresa-su-gratitud-por-los-esfuerzos-de-paz-de-daisaku-ikeda\/"},"author":{"name":"root_sgi-es","@id":"https:\/\/sgi-es.org\/#\/schema\/person\/8db076f3d444a2f2dab2d057ebb10024"},"headline":"El papa Francisco expresa su gratitud por los esfuerzos de paz de Daisaku Ikeda","datePublished":"2024-02-20T12:25:24+00:00","dateModified":"2024-02-20T12:25:24+00:00","mainEntityOfPage":{"@id":"https:\/\/sgi-es.org\/gl\/el-papa-francisco-expresa-su-gratitud-por-los-esfuerzos-de-paz-de-daisaku-ikeda\/"},"wordCount":160,"publisher":{"@id":"https:\/\/sgi-es.org\/#organization"},"articleSection":["Noticias"],"inLanguage":"gl-ES"},{"@type":"WebPage","@id":"https:\/\/sgi-es.org\/gl\/el-papa-francisco-expresa-su-gratitud-por-los-esfuerzos-de-paz-de-daisaku-ikeda\/","url":"https:\/\/sgi-es.org\/gl\/el-papa-francisco-expresa-su-gratitud-por-los-esfuerzos-de-paz-de-daisaku-ikeda\/","name":"El papa Francisco expresa su gratitud por los esfuerzos de paz de Daisaku Ikeda - SOKA GAKKAI DE ESPA\u00d1A","isPartOf":{"@id":"https:\/\/sgi-es.org\/#website"},"datePublished":"2024-02-20T12:25:24+00:00","dateModified":"2024-02-20T12:25:24+00:00","breadcrumb":{"@id":"https:\/\/sgi-es.org\/gl\/el-papa-francisco-expresa-su-gratitud-por-los-esfuerzos-de-paz-de-daisaku-ikeda\/#breadcrumb"},"inLanguage":"gl-ES","potentialAction":[{"@type":"ReadAction","target":["https:\/\/sgi-es.org\/gl\/el-papa-francisco-expresa-su-gratitud-por-los-esfuerzos-de-paz-de-daisaku-ikeda\/"]}]},{"@type":"BreadcrumbList","@id":"https:\/\/sgi-es.org\/gl\/el-papa-francisco-expresa-su-gratitud-por-los-esfuerzos-de-paz-de-daisaku-ikeda\/#breadcrumb","itemListElement":[{"@type":"ListItem","position":1,"name":"Portada","item":"https:\/\/sgi-es.org\/gl\/"},{"@type":"ListItem","position":2,"name":"El papa Francisco expresa su gratitud por los esfuerzos de paz de Daisaku Ikeda"}]},{"@type":"WebSite","@id":"https:\/\/sgi-es.org\/#website","url":"https:\/\/sgi-es.org\/","name":"SOKA GAKKAI DE ESPA\u00d1A","description":"","publisher":{"@id":"https:\/\/sgi-es.org\/#organization"},"potentialAction":[{"@type":"SearchAction","target":{"@type":"EntryPoint","urlTemplate":"https:\/\/sgi-es.org\/?s={search_term_string}"},"query-input":"required name=search_term_string"}],"inLanguage":"gl-ES"},{"@type":"Organization","@id":"https:\/\/sgi-es.org\/#organization","name":"Soka Gakkai de Espa\u00f1a","url":"https:\/\/sgi-es.org\/","logo":{"@type":"ImageObject","inLanguage":"gl-ES","@id":"https:\/\/sgi-es.org\/#\/schema\/logo\/image\/","url":"https:\/\/sgi-es.org\/wp-content\/uploads\/2021\/09\/soka-gakkai-espana-logo-6.png","contentUrl":"https:\/\/sgi-es.org\/wp-content\/uploads\/2021\/09\/soka-gakkai-espana-logo-6.png","width":1000,"height":152,"caption":"Soka Gakkai de Espa\u00f1a"},"image":{"@id":"https:\/\/sgi-es.org\/#\/schema\/logo\/image\/"}},{"@type":"Person","@id":"https:\/\/sgi-es.org\/#\/schema\/person\/8db076f3d444a2f2dab2d057ebb10024","name":"root_sgi-es","image":{"@type":"ImageObject","inLanguage":"gl-ES","@id":"https:\/\/sgi-es.org\/#\/schema\/person\/image\/","url":"https:\/\/secure.gravatar.com\/avatar\/c70873858abaa50cead4e039a83317ee?s=96&d=mm&r=g","contentUrl":"https:\/\/secure.gravatar.com\/avatar\/c70873858abaa50cead4e039a83317ee?s=96&d=mm&r=g","caption":"root_sgi-es"}}]}},"_links":{"self":[{"href":"https:\/\/sgi-es.org\/gl\/wp-json\/wp\/v2\/posts\/2368","targetHints":{"allow":["GET"]}}],"collection":[{"href":"https:\/\/sgi-es.org\/gl\/wp-json\/wp\/v2\/posts"}],"about":[{"href":"https:\/\/sgi-es.org\/gl\/wp-json\/wp\/v2\/types\/post"}],"author":[{"embeddable":true,"href":"https:\/\/sgi-es.org\/gl\/wp-json\/wp\/v2\/users\/7"}],"replies":[{"embeddable":true,"href":"https:\/\/sgi-es.org\/gl\/wp-json\/wp\/v2\/comments?post=2368"}],"version-history":[{"count":1,"href":"https:\/\/sgi-es.org\/gl\/wp-json\/wp\/v2\/posts\/2368\/revisions"}],"predecessor-version":[{"id":2369,"href":"https:\/\/sgi-es.org\/gl\/wp-json\/wp\/v2\/posts\/2368\/revisions\/2369"}],"wp:featuredmedia":[{"embeddable":true,"href":"https:\/\/sgi-es.org\/gl\/wp-json\/wp\/v2\/media\/2363"}],"wp:attachment":[{"href":"https:\/\/sgi-es.org\/gl\/wp-json\/wp\/v2\/media?parent=2368"}],"wp:term":[{"taxonomy":"category","embeddable":true,"href":"https:\/\/sgi-es.org\/gl\/wp-json\/wp\/v2\/categories?post=2368"},{"taxonomy":"post_tag","embeddable":true,"href":"https:\/\/sgi-es.org\/gl\/wp-json\/wp\/v2\/tags?post=2368"}],"curies":[{"name":"wp","href":"https:\/\/api.w.org\/{rel}","templated":true}]}}