{"id":2508,"date":"2024-03-06T11:48:19","date_gmt":"2024-03-06T10:48:19","guid":{"rendered":"https:\/\/sgi-es.org\/?p=2508"},"modified":"2024-03-06T11:48:19","modified_gmt":"2024-03-06T10:48:19","slug":"tercer-aniversario-de-la-entrada-en-vigor-del-tpan","status":"publish","type":"post","link":"https:\/\/sgi-es.org\/gl\/tercer-aniversario-de-la-entrada-en-vigor-del-tpan\/","title":{"rendered":"Tercer aniversario de la entrada en vigor del TPAN"},"content":{"rendered":"<p>El 22 de enero se cumplieron tres a\u00f1os desde la entrada en vigor del Tratado sobre la Prohibici\u00f3n de las Armas Nucleares (TPAN), un hito que represent\u00f3 el inicio de la ilegalidad de este tipo de armas de destrucci\u00f3n masiva. El aniversario \u00abse produce en el momento de mayor amenaza nuclear desde finales de la Segunda Guerra Mundial, en un contexto de conflictividad internacional, escalada de la ret\u00f3rica, erosi\u00f3n de los acuerdos bilaterales y de aumento del gasto en sus arsenales de los nueve pa\u00edses nucleares\u00bb, seg\u00fan se lee en la nota de prensa al respecto distribuida por la Alianza por el Desarme Nuclear. Esta red, de cuyo equipo coordinador forma parte la SGEs, organiz\u00f3 el mismo lunes 22 de enero un\u00a0<em>webinar<\/em>\u00a0con el t\u00edtulo\u00a0<em>Armas Nucleares: Una amenaza para la humanidad y el planeta<\/em>, en el que intervinieron expertos como Carlos Uma\u00f1a, miembro del Grupo Directivo Internacional de ICAN y copresidente de IPPNW; Tica Font, investigadora del Centre Del\u00e0s d\u2019Estudis per la Pau; y Carme Su\u00f1\u00e9, presidenta de FundiPau. Entre la audiencia hubo una representaci\u00f3n del Departamento de Estudiantes de la SGEs.<\/p>\n<p>Al d\u00eda siguiente, 23 de enero, la directora ejecutiva de ICAN Melissa Parke visit\u00f3, por primera vez desde que asumiera el cargo el 1 de septiembre, la sede central de la Soka Gakkai en Shinanomachi, Tokio. Esta ex experta jur\u00eddica de las Naciones Unidas y exministra del Gobierno de Australia, con m\u00e1s de dos d\u00e9cadas de experiencia en los campos del desarrollo internacional, los derechos humanos, el derecho y la pol\u00edtica, se reuni\u00f3 con el presidente Minoru Harada, la responsable del Departamento de Mujeres Kimiko Nagaishi y el vicepresidente Hirotsugu Terasaki, entre otros representantes de la organizaci\u00f3n. La directora ejecutiva, a quien acompa\u00f1aba el miembro del Grupo Directivo Internacional de ICAN Satoshi Kawasaki, expres\u00f3 su esperanza de que la colaboraci\u00f3n con la SGI no haga sino incrementarse, particularmente para acelerar los debates sobre los riesgos de la disuasi\u00f3n nuclear y las formas de apoyar a los\u00a0<em>hibakusha<\/em>\u00a0globales: las personas afectadas por ensayos y accidentes nucleares en todo el mundo.<\/p>\n<p>Parke tambi\u00e9n aprovech\u00f3 el que era el \u00faltimo d\u00eda de su estancia en Jap\u00f3n \u2013donde hab\u00eda asistido a diversos eventos en Tokio, Hiroshima y Nagasaki\u2013 para reunirse con representantes de los departamentos juveniles de la Soka Gakkai, con quienes comparti\u00f3 sus expectativas para el Festival de Acci\u00f3n para el Futuro (trad. orientativa), un evento en colaboraci\u00f3n con j\u00f3venes de otros grupos c\u00edvicos cuya celebraci\u00f3n en la capital japonesa est\u00e1 prevista para finales de este mes de marzo.<\/p>\n<figure id=\"attachment_2494\" aria-describedby=\"caption-attachment-2494\" style=\"width: 720px\" class=\"wp-caption aligncenter\"><img loading=\"lazy\" decoding=\"async\" class=\"size-large wp-image-2494\" src=\"https:\/\/sgi-es.org\/wp-content\/uploads\/2024\/03\/News-2-5-720x480.jpg\" alt=\"\" width=\"720\" height=\"480\" srcset=\"https:\/\/sgi-es.org\/wp-content\/uploads\/2024\/03\/News-2-5-720x480.jpg 720w, https:\/\/sgi-es.org\/wp-content\/uploads\/2024\/03\/News-2-5-300x200.jpg 300w, https:\/\/sgi-es.org\/wp-content\/uploads\/2024\/03\/News-2-5-768x512.jpg 768w, https:\/\/sgi-es.org\/wp-content\/uploads\/2024\/03\/News-2-5-1536x1024.jpg 1536w, https:\/\/sgi-es.org\/wp-content\/uploads\/2024\/03\/News-2-5-2048x1366.jpg 2048w\" sizes=\"auto, (max-width: 720px) 100vw, 720px\" \/><figcaption id=\"caption-attachment-2494\" class=\"wp-caption-text\">Melissa Parke y Satoshi Kawasaki, de ICAN, dialogan con j\u00f3venes de la Soka Gakkai | Foto: Seikyo Shimbun<\/figcaption><\/figure>\n","protected":false},"excerpt":{"rendered":"<p>El 22 de enero se cumplieron tres a\u00f1os desde la entrada en vigor del Tratado sobre la Prohibici\u00f3n de las Armas Nucleares (TPAN), un hito que represent\u00f3 el inicio de la ilegalidad de este tipo de armas de destrucci\u00f3n masiva. El aniversario \u00abse produce en el momento de mayor amenaza nuclear desde finales de la [&hellip;]<\/p>\n","protected":false},"author":7,"featured_media":2494,"comment_status":"closed","ping_status":"closed","sticky":false,"template":"","format":"standard","meta":{"site-sidebar-layout":"default","site-content-layout":"","ast-site-content-layout":"normal-width-container","site-content-style":"default","site-sidebar-style":"default","ast-global-header-display":"","ast-banner-title-visibility":"","ast-main-header-display":"","ast-hfb-above-header-display":"","ast-hfb-below-header-display":"","ast-hfb-mobile-header-display":"","site-post-title":"","ast-breadcrumbs-content":"","ast-featured-img":"disabled","footer-sml-layout":"","theme-transparent-header-meta":"default","adv-header-id-meta":"","stick-header-meta":"default","header-above-stick-meta":"","header-main-stick-meta":"","header-below-stick-meta":"","astra-migrate-meta-layouts":"set","ast-page-background-enabled":"default","ast-page-background-meta":{"desktop":{"background-color":"","background-image":"","background-repeat":"repeat","background-position":"center center","background-size":"auto","background-attachment":"scroll","background-type":"","background-media":"","overlay-type":"","overlay-color":"","overlay-opacity":"","overlay-gradient":""},"tablet":{"background-color":"","background-image":"","background-repeat":"repeat","background-position":"center center","background-size":"auto","background-attachment":"scroll","background-type":"","background-media":"","overlay-type":"","overlay-color":"","overlay-opacity":"","overlay-gradient":""},"mobile":{"background-color":"","background-image":"","background-repeat":"repeat","background-position":"center center","background-size":"auto","background-attachment":"scroll","background-type":"","background-media":"","overlay-type":"","overlay-color":"","overlay-opacity":"","overlay-gradient":""}},"ast-content-background-meta":{"desktop":{"background-color":"var(--ast-global-color-5)","background-image":"","background-repeat":"repeat","background-position":"center center","background-size":"auto","background-attachment":"scroll","background-type":"","background-media":"","overlay-type":"","overlay-color":"","overlay-opacity":"","overlay-gradient":""},"tablet":{"background-color":"var(--ast-global-color-5)","background-image":"","background-repeat":"repeat","background-position":"center center","background-size":"auto","background-attachment":"scroll","background-type":"","background-media":"","overlay-type":"","overlay-color":"","overlay-opacity":"","overlay-gradient":""},"mobile":{"background-color":"var(--ast-global-color-5)","background-image":"","background-repeat":"repeat","background-position":"center center","background-size":"auto","background-attachment":"scroll","background-type":"","background-media":"","overlay-type":"","overlay-color":"","overlay-opacity":"","overlay-gradient":""}},"footnotes":""},"categories":[56],"tags":[],"class_list":["post-2508","post","type-post","status-publish","format-standard","has-post-thumbnail","hentry","category-noticias-4"],"yoast_head":"<!-- This site is optimized with the Yoast SEO plugin v22.0 - https:\/\/yoast.com\/wordpress\/plugins\/seo\/ -->\n<title>Tercer aniversario de la entrada en vigor del TPAN - SOKA GAKKAI DE ESPA\u00d1A<\/title>\n<meta name=\"robots\" content=\"noindex, follow\" \/>\n<meta property=\"og:locale\" content=\"gl_ES\" \/>\n<meta property=\"og:type\" content=\"article\" \/>\n<meta property=\"og:title\" content=\"Tercer aniversario de la entrada en vigor del TPAN - SOKA GAKKAI DE ESPA\u00d1A\" \/>\n<meta property=\"og:description\" content=\"El 22 de enero se cumplieron tres a\u00f1os desde la entrada en vigor del Tratado sobre la Prohibici\u00f3n de las Armas Nucleares (TPAN), un hito que represent\u00f3 el inicio de la ilegalidad de este tipo de armas de destrucci\u00f3n masiva. El aniversario \u00abse produce en el momento de mayor amenaza nuclear desde finales de la [&hellip;]\" \/>\n<meta property=\"og:url\" content=\"https:\/\/sgi-es.org\/gl\/tercer-aniversario-de-la-entrada-en-vigor-del-tpan\/\" \/>\n<meta property=\"og:site_name\" content=\"SOKA GAKKAI DE ESPA\u00d1A\" \/>\n<meta property=\"article:published_time\" content=\"2024-03-06T10:48:19+00:00\" \/>\n<meta property=\"og:image\" content=\"https:\/\/sgi-es.org\/wp-content\/uploads\/2024\/03\/News-2-5.jpg\" \/>\n\t<meta property=\"og:image:width\" content=\"2560\" \/>\n\t<meta property=\"og:image:height\" content=\"1707\" \/>\n\t<meta property=\"og:image:type\" content=\"image\/jpeg\" \/>\n<meta name=\"author\" content=\"root_sgi-es\" \/>\n<meta name=\"twitter:card\" content=\"summary_large_image\" \/>\n<meta name=\"twitter:label1\" content=\"Escrito por\" \/>\n\t<meta name=\"twitter:data1\" content=\"root_sgi-es\" \/>\n\t<meta name=\"twitter:label2\" content=\"Tempo de lectura\" \/>\n\t<meta name=\"twitter:data2\" content=\"3 minutos\" \/>\n<script type=\"application\/ld+json\" class=\"yoast-schema-graph\">{\"@context\":\"https:\/\/schema.org\",\"@graph\":[{\"@type\":\"Article\",\"@id\":\"https:\/\/sgi-es.org\/gl\/tercer-aniversario-de-la-entrada-en-vigor-del-tpan\/#article\",\"isPartOf\":{\"@id\":\"https:\/\/sgi-es.org\/gl\/tercer-aniversario-de-la-entrada-en-vigor-del-tpan\/\"},\"author\":{\"name\":\"root_sgi-es\",\"@id\":\"https:\/\/sgi-es.org\/#\/schema\/person\/8db076f3d444a2f2dab2d057ebb10024\"},\"headline\":\"Tercer aniversario de la entrada en vigor del TPAN\",\"datePublished\":\"2024-03-06T10:48:19+00:00\",\"dateModified\":\"2024-03-06T10:48:19+00:00\",\"mainEntityOfPage\":{\"@id\":\"https:\/\/sgi-es.org\/gl\/tercer-aniversario-de-la-entrada-en-vigor-del-tpan\/\"},\"wordCount\":481,\"publisher\":{\"@id\":\"https:\/\/sgi-es.org\/#organization\"},\"articleSection\":[\"Noticias\"],\"inLanguage\":\"gl-ES\"},{\"@type\":\"WebPage\",\"@id\":\"https:\/\/sgi-es.org\/gl\/tercer-aniversario-de-la-entrada-en-vigor-del-tpan\/\",\"url\":\"https:\/\/sgi-es.org\/gl\/tercer-aniversario-de-la-entrada-en-vigor-del-tpan\/\",\"name\":\"Tercer aniversario de la entrada en vigor del TPAN - SOKA GAKKAI DE ESPA\u00d1A\",\"isPartOf\":{\"@id\":\"https:\/\/sgi-es.org\/#website\"},\"datePublished\":\"2024-03-06T10:48:19+00:00\",\"dateModified\":\"2024-03-06T10:48:19+00:00\",\"breadcrumb\":{\"@id\":\"https:\/\/sgi-es.org\/gl\/tercer-aniversario-de-la-entrada-en-vigor-del-tpan\/#breadcrumb\"},\"inLanguage\":\"gl-ES\",\"potentialAction\":[{\"@type\":\"ReadAction\",\"target\":[\"https:\/\/sgi-es.org\/gl\/tercer-aniversario-de-la-entrada-en-vigor-del-tpan\/\"]}]},{\"@type\":\"BreadcrumbList\",\"@id\":\"https:\/\/sgi-es.org\/gl\/tercer-aniversario-de-la-entrada-en-vigor-del-tpan\/#breadcrumb\",\"itemListElement\":[{\"@type\":\"ListItem\",\"position\":1,\"name\":\"Portada\",\"item\":\"https:\/\/sgi-es.org\/gl\/\"},{\"@type\":\"ListItem\",\"position\":2,\"name\":\"Tercer aniversario de la entrada en vigor del TPAN\"}]},{\"@type\":\"WebSite\",\"@id\":\"https:\/\/sgi-es.org\/#website\",\"url\":\"https:\/\/sgi-es.org\/\",\"name\":\"SOKA GAKKAI DE ESPA\u00d1A\",\"description\":\"\",\"publisher\":{\"@id\":\"https:\/\/sgi-es.org\/#organization\"},\"potentialAction\":[{\"@type\":\"SearchAction\",\"target\":{\"@type\":\"EntryPoint\",\"urlTemplate\":\"https:\/\/sgi-es.org\/?s={search_term_string}\"},\"query-input\":\"required name=search_term_string\"}],\"inLanguage\":\"gl-ES\"},{\"@type\":\"Organization\",\"@id\":\"https:\/\/sgi-es.org\/#organization\",\"name\":\"Soka Gakkai de Espa\u00f1a\",\"url\":\"https:\/\/sgi-es.org\/\",\"logo\":{\"@type\":\"ImageObject\",\"inLanguage\":\"gl-ES\",\"@id\":\"https:\/\/sgi-es.org\/#\/schema\/logo\/image\/\",\"url\":\"https:\/\/sgi-es.org\/wp-content\/uploads\/2021\/09\/soka-gakkai-espana-logo-6.png\",\"contentUrl\":\"https:\/\/sgi-es.org\/wp-content\/uploads\/2021\/09\/soka-gakkai-espana-logo-6.png\",\"width\":1000,\"height\":152,\"caption\":\"Soka Gakkai de Espa\u00f1a\"},\"image\":{\"@id\":\"https:\/\/sgi-es.org\/#\/schema\/logo\/image\/\"}},{\"@type\":\"Person\",\"@id\":\"https:\/\/sgi-es.org\/#\/schema\/person\/8db076f3d444a2f2dab2d057ebb10024\",\"name\":\"root_sgi-es\",\"image\":{\"@type\":\"ImageObject\",\"inLanguage\":\"gl-ES\",\"@id\":\"https:\/\/sgi-es.org\/#\/schema\/person\/image\/\",\"url\":\"https:\/\/secure.gravatar.com\/avatar\/c70873858abaa50cead4e039a83317ee?s=96&d=mm&r=g\",\"contentUrl\":\"https:\/\/secure.gravatar.com\/avatar\/c70873858abaa50cead4e039a83317ee?s=96&d=mm&r=g\",\"caption\":\"root_sgi-es\"}}]}<\/script>\n<!-- \/ Yoast SEO plugin. -->","yoast_head_json":{"title":"Tercer aniversario de la entrada en vigor del TPAN - SOKA GAKKAI DE ESPA\u00d1A","robots":{"index":"noindex","follow":"follow"},"og_locale":"gl_ES","og_type":"article","og_title":"Tercer aniversario de la entrada en vigor del TPAN - SOKA GAKKAI DE ESPA\u00d1A","og_description":"El 22 de enero se cumplieron tres a\u00f1os desde la entrada en vigor del Tratado sobre la Prohibici\u00f3n de las Armas Nucleares (TPAN), un hito que represent\u00f3 el inicio de la ilegalidad de este tipo de armas de destrucci\u00f3n masiva. El aniversario \u00abse produce en el momento de mayor amenaza nuclear desde finales de la [&hellip;]","og_url":"https:\/\/sgi-es.org\/gl\/tercer-aniversario-de-la-entrada-en-vigor-del-tpan\/","og_site_name":"SOKA GAKKAI DE ESPA\u00d1A","article_published_time":"2024-03-06T10:48:19+00:00","og_image":[{"width":2560,"height":1707,"url":"https:\/\/sgi-es.org\/wp-content\/uploads\/2024\/03\/News-2-5.jpg","type":"image\/jpeg"}],"author":"root_sgi-es","twitter_card":"summary_large_image","twitter_misc":{"Escrito por":"root_sgi-es","Tempo de lectura":"3 minutos"},"schema":{"@context":"https:\/\/schema.org","@graph":[{"@type":"Article","@id":"https:\/\/sgi-es.org\/gl\/tercer-aniversario-de-la-entrada-en-vigor-del-tpan\/#article","isPartOf":{"@id":"https:\/\/sgi-es.org\/gl\/tercer-aniversario-de-la-entrada-en-vigor-del-tpan\/"},"author":{"name":"root_sgi-es","@id":"https:\/\/sgi-es.org\/#\/schema\/person\/8db076f3d444a2f2dab2d057ebb10024"},"headline":"Tercer aniversario de la entrada en vigor del TPAN","datePublished":"2024-03-06T10:48:19+00:00","dateModified":"2024-03-06T10:48:19+00:00","mainEntityOfPage":{"@id":"https:\/\/sgi-es.org\/gl\/tercer-aniversario-de-la-entrada-en-vigor-del-tpan\/"},"wordCount":481,"publisher":{"@id":"https:\/\/sgi-es.org\/#organization"},"articleSection":["Noticias"],"inLanguage":"gl-ES"},{"@type":"WebPage","@id":"https:\/\/sgi-es.org\/gl\/tercer-aniversario-de-la-entrada-en-vigor-del-tpan\/","url":"https:\/\/sgi-es.org\/gl\/tercer-aniversario-de-la-entrada-en-vigor-del-tpan\/","name":"Tercer aniversario de la entrada en vigor del TPAN - SOKA GAKKAI DE ESPA\u00d1A","isPartOf":{"@id":"https:\/\/sgi-es.org\/#website"},"datePublished":"2024-03-06T10:48:19+00:00","dateModified":"2024-03-06T10:48:19+00:00","breadcrumb":{"@id":"https:\/\/sgi-es.org\/gl\/tercer-aniversario-de-la-entrada-en-vigor-del-tpan\/#breadcrumb"},"inLanguage":"gl-ES","potentialAction":[{"@type":"ReadAction","target":["https:\/\/sgi-es.org\/gl\/tercer-aniversario-de-la-entrada-en-vigor-del-tpan\/"]}]},{"@type":"BreadcrumbList","@id":"https:\/\/sgi-es.org\/gl\/tercer-aniversario-de-la-entrada-en-vigor-del-tpan\/#breadcrumb","itemListElement":[{"@type":"ListItem","position":1,"name":"Portada","item":"https:\/\/sgi-es.org\/gl\/"},{"@type":"ListItem","position":2,"name":"Tercer aniversario de la entrada en vigor del TPAN"}]},{"@type":"WebSite","@id":"https:\/\/sgi-es.org\/#website","url":"https:\/\/sgi-es.org\/","name":"SOKA GAKKAI DE ESPA\u00d1A","description":"","publisher":{"@id":"https:\/\/sgi-es.org\/#organization"},"potentialAction":[{"@type":"SearchAction","target":{"@type":"EntryPoint","urlTemplate":"https:\/\/sgi-es.org\/?s={search_term_string}"},"query-input":"required name=search_term_string"}],"inLanguage":"gl-ES"},{"@type":"Organization","@id":"https:\/\/sgi-es.org\/#organization","name":"Soka Gakkai de Espa\u00f1a","url":"https:\/\/sgi-es.org\/","logo":{"@type":"ImageObject","inLanguage":"gl-ES","@id":"https:\/\/sgi-es.org\/#\/schema\/logo\/image\/","url":"https:\/\/sgi-es.org\/wp-content\/uploads\/2021\/09\/soka-gakkai-espana-logo-6.png","contentUrl":"https:\/\/sgi-es.org\/wp-content\/uploads\/2021\/09\/soka-gakkai-espana-logo-6.png","width":1000,"height":152,"caption":"Soka Gakkai de Espa\u00f1a"},"image":{"@id":"https:\/\/sgi-es.org\/#\/schema\/logo\/image\/"}},{"@type":"Person","@id":"https:\/\/sgi-es.org\/#\/schema\/person\/8db076f3d444a2f2dab2d057ebb10024","name":"root_sgi-es","image":{"@type":"ImageObject","inLanguage":"gl-ES","@id":"https:\/\/sgi-es.org\/#\/schema\/person\/image\/","url":"https:\/\/secure.gravatar.com\/avatar\/c70873858abaa50cead4e039a83317ee?s=96&d=mm&r=g","contentUrl":"https:\/\/secure.gravatar.com\/avatar\/c70873858abaa50cead4e039a83317ee?s=96&d=mm&r=g","caption":"root_sgi-es"}}]}},"_links":{"self":[{"href":"https:\/\/sgi-es.org\/gl\/wp-json\/wp\/v2\/posts\/2508","targetHints":{"allow":["GET"]}}],"collection":[{"href":"https:\/\/sgi-es.org\/gl\/wp-json\/wp\/v2\/posts"}],"about":[{"href":"https:\/\/sgi-es.org\/gl\/wp-json\/wp\/v2\/types\/post"}],"author":[{"embeddable":true,"href":"https:\/\/sgi-es.org\/gl\/wp-json\/wp\/v2\/users\/7"}],"replies":[{"embeddable":true,"href":"https:\/\/sgi-es.org\/gl\/wp-json\/wp\/v2\/comments?post=2508"}],"version-history":[{"count":1,"href":"https:\/\/sgi-es.org\/gl\/wp-json\/wp\/v2\/posts\/2508\/revisions"}],"predecessor-version":[{"id":2509,"href":"https:\/\/sgi-es.org\/gl\/wp-json\/wp\/v2\/posts\/2508\/revisions\/2509"}],"wp:featuredmedia":[{"embeddable":true,"href":"https:\/\/sgi-es.org\/gl\/wp-json\/wp\/v2\/media\/2494"}],"wp:attachment":[{"href":"https:\/\/sgi-es.org\/gl\/wp-json\/wp\/v2\/media?parent=2508"}],"wp:term":[{"taxonomy":"category","embeddable":true,"href":"https:\/\/sgi-es.org\/gl\/wp-json\/wp\/v2\/categories?post=2508"},{"taxonomy":"post_tag","embeddable":true,"href":"https:\/\/sgi-es.org\/gl\/wp-json\/wp\/v2\/tags?post=2508"}],"curies":[{"name":"wp","href":"https:\/\/api.w.org\/{rel}","templated":true}]}}