{"id":2675,"date":"2024-04-02T12:40:11","date_gmt":"2024-04-02T10:40:11","guid":{"rendered":"https:\/\/sgi-es.org\/?p=2675"},"modified":"2024-04-02T12:40:11","modified_gmt":"2024-04-02T10:40:11","slug":"congreso-internacional-en-pamplona","status":"publish","type":"post","link":"https:\/\/sgi-es.org\/gl\/congreso-internacional-en-pamplona\/","title":{"rendered":"Congreso internacional en Pamplona"},"content":{"rendered":"<figure id=\"attachment_2669\" aria-describedby=\"caption-attachment-2669\" style=\"width: 720px\" class=\"wp-caption aligncenter\"><img loading=\"lazy\" decoding=\"async\" class=\"size-large wp-image-2669\" src=\"https:\/\/sgi-es.org\/wp-content\/uploads\/2024\/04\/congreso-minorias-religiosas-upna-revista-cg-720x480.jpeg\" alt=\"\" width=\"720\" height=\"480\" srcset=\"https:\/\/sgi-es.org\/wp-content\/uploads\/2024\/04\/congreso-minorias-religiosas-upna-revista-cg-720x480.jpeg 720w, https:\/\/sgi-es.org\/wp-content\/uploads\/2024\/04\/congreso-minorias-religiosas-upna-revista-cg-300x200.jpeg 300w, https:\/\/sgi-es.org\/wp-content\/uploads\/2024\/04\/congreso-minorias-religiosas-upna-revista-cg-768x512.jpeg 768w, https:\/\/sgi-es.org\/wp-content\/uploads\/2024\/04\/congreso-minorias-religiosas-upna-revista-cg-1536x1024.jpeg 1536w, https:\/\/sgi-es.org\/wp-content\/uploads\/2024\/04\/congreso-minorias-religiosas-upna-revista-cg-2048x1365.jpeg 2048w\" sizes=\"auto, (max-width: 720px) 100vw, 720px\" \/><figcaption id=\"caption-attachment-2669\" class=\"wp-caption-text\">Fotograf\u00eda de los participantes en el congreso \u00abEstatuto jur\u00eddico de las minor\u00edas religiosas sin acuerdo de cooperaci\u00f3n legal\u00bb, tomada al inicio del mismo en las Salesas de Pamplona | Foto: UPNA<\/figcaption><\/figure>\n<p>Medio centenar de especialistas europeos en minor\u00edas religiosas se reunieron del 6 al 8 de marzo en Pamplona en un congreso internacional organizado por la Universidad P\u00fablica de Navarra (UPNA) y dedicado a la situaci\u00f3n jur\u00eddica de las confesiones religiosas sin acuerdo de cooperaci\u00f3n con el Estado. Representantes de dichas minor\u00edas religiosas y de la Administraci\u00f3n e investigadores de la libertad de conciencia provenientes de universidades de siete pa\u00edses (Espa\u00f1a, Francia, Italia, Polonia, Portugal, Reino Unido y Ruman\u00eda) analizaron en el antiguo convento de las Salesas, actual sede de la Mancomunidad de la Comarca de Pamplona, los principales retos de la inclusi\u00f3n de la diversidad religiosa en la sociedad, en la que subyace \u00abuna importante discriminaci\u00f3n legislativa\u00bb, en palabras de Alejandro Torres Guti\u00e9rrez, catedr\u00e1tico de la UPNA y organizador del congreso.<\/p>\n<p>En Espa\u00f1a, el Estado estableci\u00f3 inicialmente acuerdos con la Santa Sede a favor de la Iglesia Cat\u00f3lica y, posteriormente, firm\u00f3 los acuerdos de 1992 con la Federaci\u00f3n de Entidades Religiosas Evang\u00e9licas, la Federaci\u00f3n de Comunidades Israelitas de Espa\u00f1a y la Comisi\u00f3n Isl\u00e1mica de Espa\u00f1a. Frente a estas cuatro confesiones que han suscrito un acuerdo con el Estado, se sit\u00faan aquellas sin \u00e9l. Y, dentro de estas, existen diferencias: unas han obtenido declaraci\u00f3n de notorio arraigo, como son los casos de la Iglesia de Jesucristo de los Santos de los \u00daltimos D\u00edas (2003), los Testigos Cristianos de Jehov\u00e1 (2006), la Uni\u00f3n Budista de Espa\u00f1a (2007), la Iglesia Ortodoxa (2010) y la Fe Bah\u00e1\u2019\u00ed (2023), mientras que otras, a d\u00eda de hoy, carecen de dicho reconocimiento.<\/p>\n<p>Participaron en este congreso sobre el \u00abEstatuto jur\u00eddico de las minor\u00edas religiosas sin acuerdo de cooperaci\u00f3n legal\u00bb, entre otras personalidades, Mercedes Murillo Mu\u00f1oz, directora general de Libertad Religiosa del Ministerio de la Presidencia, Justicia y Relaciones con las Cortes, e In\u00e9s Mazarrasa Steinkuhler, directora de la Fundaci\u00f3n Pluralismo y Convivencia.<\/p>\n<p>La Uni\u00f3n Budista de Espa\u00f1a (UBE-FEBE) estuvo representada por Enrique Caputo, director general de la Soka Gakkai de Espa\u00f1a y miembro de la comisi\u00f3n permanente de la UBE-FEBE, quien habl\u00f3 sobre la presencia e implantaci\u00f3n del budismo en la sociedad espa\u00f1ola, y de las dificultades que encuentran sus practicantes en el ejercicio real del derecho de libertad religiosa a consecuencia de la mencionada discriminaci\u00f3n legislativa, que fue el tema central del congreso.<\/p>\n","protected":false},"excerpt":{"rendered":"<p>Medio centenar de especialistas europeos en minor\u00edas religiosas se reunieron del 6 al 8 de marzo en Pamplona en un congreso internacional organizado por la Universidad P\u00fablica de Navarra (UPNA) y dedicado a la situaci\u00f3n jur\u00eddica de las confesiones religiosas sin acuerdo de cooperaci\u00f3n con el Estado. Representantes de dichas minor\u00edas religiosas y de la [&hellip;]<\/p>\n","protected":false},"author":7,"featured_media":2669,"comment_status":"closed","ping_status":"closed","sticky":false,"template":"","format":"standard","meta":{"site-sidebar-layout":"default","site-content-layout":"","ast-site-content-layout":"normal-width-container","site-content-style":"default","site-sidebar-style":"default","ast-global-header-display":"","ast-banner-title-visibility":"","ast-main-header-display":"","ast-hfb-above-header-display":"","ast-hfb-below-header-display":"","ast-hfb-mobile-header-display":"","site-post-title":"","ast-breadcrumbs-content":"","ast-featured-img":"disabled","footer-sml-layout":"","theme-transparent-header-meta":"default","adv-header-id-meta":"","stick-header-meta":"default","header-above-stick-meta":"","header-main-stick-meta":"","header-below-stick-meta":"","astra-migrate-meta-layouts":"set","ast-page-background-enabled":"default","ast-page-background-meta":{"desktop":{"background-color":"","background-image":"","background-repeat":"repeat","background-position":"center center","background-size":"auto","background-attachment":"scroll","background-type":"","background-media":"","overlay-type":"","overlay-color":"","overlay-opacity":"","overlay-gradient":""},"tablet":{"background-color":"","background-image":"","background-repeat":"repeat","background-position":"center center","background-size":"auto","background-attachment":"scroll","background-type":"","background-media":"","overlay-type":"","overlay-color":"","overlay-opacity":"","overlay-gradient":""},"mobile":{"background-color":"","background-image":"","background-repeat":"repeat","background-position":"center center","background-size":"auto","background-attachment":"scroll","background-type":"","background-media":"","overlay-type":"","overlay-color":"","overlay-opacity":"","overlay-gradient":""}},"ast-content-background-meta":{"desktop":{"background-color":"var(--ast-global-color-5)","background-image":"","background-repeat":"repeat","background-position":"center center","background-size":"auto","background-attachment":"scroll","background-type":"","background-media":"","overlay-type":"","overlay-color":"","overlay-opacity":"","overlay-gradient":""},"tablet":{"background-color":"var(--ast-global-color-5)","background-image":"","background-repeat":"repeat","background-position":"center center","background-size":"auto","background-attachment":"scroll","background-type":"","background-media":"","overlay-type":"","overlay-color":"","overlay-opacity":"","overlay-gradient":""},"mobile":{"background-color":"var(--ast-global-color-5)","background-image":"","background-repeat":"repeat","background-position":"center center","background-size":"auto","background-attachment":"scroll","background-type":"","background-media":"","overlay-type":"","overlay-color":"","overlay-opacity":"","overlay-gradient":""}},"footnotes":""},"categories":[56],"tags":[],"class_list":["post-2675","post","type-post","status-publish","format-standard","has-post-thumbnail","hentry","category-noticias-4"],"yoast_head":"<!-- This site is optimized with the Yoast SEO plugin v22.0 - https:\/\/yoast.com\/wordpress\/plugins\/seo\/ -->\n<title>Congreso internacional en Pamplona - SOKA GAKKAI DE ESPA\u00d1A<\/title>\n<meta name=\"robots\" content=\"noindex, follow\" \/>\n<meta property=\"og:locale\" content=\"gl_ES\" \/>\n<meta property=\"og:type\" content=\"article\" \/>\n<meta property=\"og:title\" content=\"Congreso internacional en Pamplona - SOKA GAKKAI DE ESPA\u00d1A\" \/>\n<meta property=\"og:description\" content=\"Medio centenar de especialistas europeos en minor\u00edas religiosas se reunieron del 6 al 8 de marzo en Pamplona en un congreso internacional organizado por la Universidad P\u00fablica de Navarra (UPNA) y dedicado a la situaci\u00f3n jur\u00eddica de las confesiones religiosas sin acuerdo de cooperaci\u00f3n con el Estado. Representantes de dichas minor\u00edas religiosas y de la [&hellip;]\" \/>\n<meta property=\"og:url\" content=\"https:\/\/sgi-es.org\/gl\/congreso-internacional-en-pamplona\/\" \/>\n<meta property=\"og:site_name\" content=\"SOKA GAKKAI DE ESPA\u00d1A\" \/>\n<meta property=\"article:published_time\" content=\"2024-04-02T10:40:11+00:00\" \/>\n<meta property=\"og:image\" content=\"https:\/\/sgi-es.org\/wp-content\/uploads\/2024\/04\/congreso-minorias-religiosas-upna-revista-cg-scaled.jpeg\" \/>\n\t<meta property=\"og:image:width\" content=\"2560\" \/>\n\t<meta property=\"og:image:height\" content=\"1706\" \/>\n\t<meta property=\"og:image:type\" content=\"image\/jpeg\" \/>\n<meta name=\"author\" content=\"root_sgi-es\" \/>\n<meta name=\"twitter:card\" content=\"summary_large_image\" \/>\n<meta name=\"twitter:label1\" content=\"Escrito por\" \/>\n\t<meta name=\"twitter:data1\" content=\"root_sgi-es\" \/>\n\t<meta name=\"twitter:label2\" content=\"Tempo de lectura\" \/>\n\t<meta name=\"twitter:data2\" content=\"3 minutos\" \/>\n<script type=\"application\/ld+json\" class=\"yoast-schema-graph\">{\"@context\":\"https:\/\/schema.org\",\"@graph\":[{\"@type\":\"Article\",\"@id\":\"https:\/\/sgi-es.org\/gl\/congreso-internacional-en-pamplona\/#article\",\"isPartOf\":{\"@id\":\"https:\/\/sgi-es.org\/gl\/congreso-internacional-en-pamplona\/\"},\"author\":{\"name\":\"root_sgi-es\",\"@id\":\"https:\/\/sgi-es.org\/#\/schema\/person\/8db076f3d444a2f2dab2d057ebb10024\"},\"headline\":\"Congreso internacional en Pamplona\",\"datePublished\":\"2024-04-02T10:40:11+00:00\",\"dateModified\":\"2024-04-02T10:40:11+00:00\",\"mainEntityOfPage\":{\"@id\":\"https:\/\/sgi-es.org\/gl\/congreso-internacional-en-pamplona\/\"},\"wordCount\":456,\"publisher\":{\"@id\":\"https:\/\/sgi-es.org\/#organization\"},\"articleSection\":[\"Noticias\"],\"inLanguage\":\"gl-ES\"},{\"@type\":\"WebPage\",\"@id\":\"https:\/\/sgi-es.org\/gl\/congreso-internacional-en-pamplona\/\",\"url\":\"https:\/\/sgi-es.org\/gl\/congreso-internacional-en-pamplona\/\",\"name\":\"Congreso internacional en Pamplona - SOKA GAKKAI DE ESPA\u00d1A\",\"isPartOf\":{\"@id\":\"https:\/\/sgi-es.org\/#website\"},\"datePublished\":\"2024-04-02T10:40:11+00:00\",\"dateModified\":\"2024-04-02T10:40:11+00:00\",\"breadcrumb\":{\"@id\":\"https:\/\/sgi-es.org\/gl\/congreso-internacional-en-pamplona\/#breadcrumb\"},\"inLanguage\":\"gl-ES\",\"potentialAction\":[{\"@type\":\"ReadAction\",\"target\":[\"https:\/\/sgi-es.org\/gl\/congreso-internacional-en-pamplona\/\"]}]},{\"@type\":\"BreadcrumbList\",\"@id\":\"https:\/\/sgi-es.org\/gl\/congreso-internacional-en-pamplona\/#breadcrumb\",\"itemListElement\":[{\"@type\":\"ListItem\",\"position\":1,\"name\":\"Portada\",\"item\":\"https:\/\/sgi-es.org\/gl\/\"},{\"@type\":\"ListItem\",\"position\":2,\"name\":\"Congreso internacional en Pamplona\"}]},{\"@type\":\"WebSite\",\"@id\":\"https:\/\/sgi-es.org\/#website\",\"url\":\"https:\/\/sgi-es.org\/\",\"name\":\"SOKA GAKKAI DE ESPA\u00d1A\",\"description\":\"\",\"publisher\":{\"@id\":\"https:\/\/sgi-es.org\/#organization\"},\"potentialAction\":[{\"@type\":\"SearchAction\",\"target\":{\"@type\":\"EntryPoint\",\"urlTemplate\":\"https:\/\/sgi-es.org\/?s={search_term_string}\"},\"query-input\":\"required name=search_term_string\"}],\"inLanguage\":\"gl-ES\"},{\"@type\":\"Organization\",\"@id\":\"https:\/\/sgi-es.org\/#organization\",\"name\":\"Soka Gakkai de Espa\u00f1a\",\"url\":\"https:\/\/sgi-es.org\/\",\"logo\":{\"@type\":\"ImageObject\",\"inLanguage\":\"gl-ES\",\"@id\":\"https:\/\/sgi-es.org\/#\/schema\/logo\/image\/\",\"url\":\"https:\/\/sgi-es.org\/wp-content\/uploads\/2021\/09\/soka-gakkai-espana-logo-6.png\",\"contentUrl\":\"https:\/\/sgi-es.org\/wp-content\/uploads\/2021\/09\/soka-gakkai-espana-logo-6.png\",\"width\":1000,\"height\":152,\"caption\":\"Soka Gakkai de Espa\u00f1a\"},\"image\":{\"@id\":\"https:\/\/sgi-es.org\/#\/schema\/logo\/image\/\"}},{\"@type\":\"Person\",\"@id\":\"https:\/\/sgi-es.org\/#\/schema\/person\/8db076f3d444a2f2dab2d057ebb10024\",\"name\":\"root_sgi-es\",\"image\":{\"@type\":\"ImageObject\",\"inLanguage\":\"gl-ES\",\"@id\":\"https:\/\/sgi-es.org\/#\/schema\/person\/image\/\",\"url\":\"https:\/\/secure.gravatar.com\/avatar\/c70873858abaa50cead4e039a83317ee?s=96&d=mm&r=g\",\"contentUrl\":\"https:\/\/secure.gravatar.com\/avatar\/c70873858abaa50cead4e039a83317ee?s=96&d=mm&r=g\",\"caption\":\"root_sgi-es\"}}]}<\/script>\n<!-- \/ Yoast SEO plugin. -->","yoast_head_json":{"title":"Congreso internacional en Pamplona - SOKA GAKKAI DE ESPA\u00d1A","robots":{"index":"noindex","follow":"follow"},"og_locale":"gl_ES","og_type":"article","og_title":"Congreso internacional en Pamplona - SOKA GAKKAI DE ESPA\u00d1A","og_description":"Medio centenar de especialistas europeos en minor\u00edas religiosas se reunieron del 6 al 8 de marzo en Pamplona en un congreso internacional organizado por la Universidad P\u00fablica de Navarra (UPNA) y dedicado a la situaci\u00f3n jur\u00eddica de las confesiones religiosas sin acuerdo de cooperaci\u00f3n con el Estado. Representantes de dichas minor\u00edas religiosas y de la [&hellip;]","og_url":"https:\/\/sgi-es.org\/gl\/congreso-internacional-en-pamplona\/","og_site_name":"SOKA GAKKAI DE ESPA\u00d1A","article_published_time":"2024-04-02T10:40:11+00:00","og_image":[{"width":2560,"height":1706,"url":"https:\/\/sgi-es.org\/wp-content\/uploads\/2024\/04\/congreso-minorias-religiosas-upna-revista-cg-scaled.jpeg","type":"image\/jpeg"}],"author":"root_sgi-es","twitter_card":"summary_large_image","twitter_misc":{"Escrito por":"root_sgi-es","Tempo de lectura":"3 minutos"},"schema":{"@context":"https:\/\/schema.org","@graph":[{"@type":"Article","@id":"https:\/\/sgi-es.org\/gl\/congreso-internacional-en-pamplona\/#article","isPartOf":{"@id":"https:\/\/sgi-es.org\/gl\/congreso-internacional-en-pamplona\/"},"author":{"name":"root_sgi-es","@id":"https:\/\/sgi-es.org\/#\/schema\/person\/8db076f3d444a2f2dab2d057ebb10024"},"headline":"Congreso internacional en Pamplona","datePublished":"2024-04-02T10:40:11+00:00","dateModified":"2024-04-02T10:40:11+00:00","mainEntityOfPage":{"@id":"https:\/\/sgi-es.org\/gl\/congreso-internacional-en-pamplona\/"},"wordCount":456,"publisher":{"@id":"https:\/\/sgi-es.org\/#organization"},"articleSection":["Noticias"],"inLanguage":"gl-ES"},{"@type":"WebPage","@id":"https:\/\/sgi-es.org\/gl\/congreso-internacional-en-pamplona\/","url":"https:\/\/sgi-es.org\/gl\/congreso-internacional-en-pamplona\/","name":"Congreso internacional en Pamplona - SOKA GAKKAI DE ESPA\u00d1A","isPartOf":{"@id":"https:\/\/sgi-es.org\/#website"},"datePublished":"2024-04-02T10:40:11+00:00","dateModified":"2024-04-02T10:40:11+00:00","breadcrumb":{"@id":"https:\/\/sgi-es.org\/gl\/congreso-internacional-en-pamplona\/#breadcrumb"},"inLanguage":"gl-ES","potentialAction":[{"@type":"ReadAction","target":["https:\/\/sgi-es.org\/gl\/congreso-internacional-en-pamplona\/"]}]},{"@type":"BreadcrumbList","@id":"https:\/\/sgi-es.org\/gl\/congreso-internacional-en-pamplona\/#breadcrumb","itemListElement":[{"@type":"ListItem","position":1,"name":"Portada","item":"https:\/\/sgi-es.org\/gl\/"},{"@type":"ListItem","position":2,"name":"Congreso internacional en Pamplona"}]},{"@type":"WebSite","@id":"https:\/\/sgi-es.org\/#website","url":"https:\/\/sgi-es.org\/","name":"SOKA GAKKAI DE ESPA\u00d1A","description":"","publisher":{"@id":"https:\/\/sgi-es.org\/#organization"},"potentialAction":[{"@type":"SearchAction","target":{"@type":"EntryPoint","urlTemplate":"https:\/\/sgi-es.org\/?s={search_term_string}"},"query-input":"required name=search_term_string"}],"inLanguage":"gl-ES"},{"@type":"Organization","@id":"https:\/\/sgi-es.org\/#organization","name":"Soka Gakkai de Espa\u00f1a","url":"https:\/\/sgi-es.org\/","logo":{"@type":"ImageObject","inLanguage":"gl-ES","@id":"https:\/\/sgi-es.org\/#\/schema\/logo\/image\/","url":"https:\/\/sgi-es.org\/wp-content\/uploads\/2021\/09\/soka-gakkai-espana-logo-6.png","contentUrl":"https:\/\/sgi-es.org\/wp-content\/uploads\/2021\/09\/soka-gakkai-espana-logo-6.png","width":1000,"height":152,"caption":"Soka Gakkai de Espa\u00f1a"},"image":{"@id":"https:\/\/sgi-es.org\/#\/schema\/logo\/image\/"}},{"@type":"Person","@id":"https:\/\/sgi-es.org\/#\/schema\/person\/8db076f3d444a2f2dab2d057ebb10024","name":"root_sgi-es","image":{"@type":"ImageObject","inLanguage":"gl-ES","@id":"https:\/\/sgi-es.org\/#\/schema\/person\/image\/","url":"https:\/\/secure.gravatar.com\/avatar\/c70873858abaa50cead4e039a83317ee?s=96&d=mm&r=g","contentUrl":"https:\/\/secure.gravatar.com\/avatar\/c70873858abaa50cead4e039a83317ee?s=96&d=mm&r=g","caption":"root_sgi-es"}}]}},"_links":{"self":[{"href":"https:\/\/sgi-es.org\/gl\/wp-json\/wp\/v2\/posts\/2675","targetHints":{"allow":["GET"]}}],"collection":[{"href":"https:\/\/sgi-es.org\/gl\/wp-json\/wp\/v2\/posts"}],"about":[{"href":"https:\/\/sgi-es.org\/gl\/wp-json\/wp\/v2\/types\/post"}],"author":[{"embeddable":true,"href":"https:\/\/sgi-es.org\/gl\/wp-json\/wp\/v2\/users\/7"}],"replies":[{"embeddable":true,"href":"https:\/\/sgi-es.org\/gl\/wp-json\/wp\/v2\/comments?post=2675"}],"version-history":[{"count":1,"href":"https:\/\/sgi-es.org\/gl\/wp-json\/wp\/v2\/posts\/2675\/revisions"}],"predecessor-version":[{"id":2676,"href":"https:\/\/sgi-es.org\/gl\/wp-json\/wp\/v2\/posts\/2675\/revisions\/2676"}],"wp:featuredmedia":[{"embeddable":true,"href":"https:\/\/sgi-es.org\/gl\/wp-json\/wp\/v2\/media\/2669"}],"wp:attachment":[{"href":"https:\/\/sgi-es.org\/gl\/wp-json\/wp\/v2\/media?parent=2675"}],"wp:term":[{"taxonomy":"category","embeddable":true,"href":"https:\/\/sgi-es.org\/gl\/wp-json\/wp\/v2\/categories?post=2675"},{"taxonomy":"post_tag","embeddable":true,"href":"https:\/\/sgi-es.org\/gl\/wp-json\/wp\/v2\/tags?post=2675"}],"curies":[{"name":"wp","href":"https:\/\/api.w.org\/{rel}","templated":true}]}}