{"id":3289,"date":"2025-01-24T14:49:45","date_gmt":"2025-01-24T13:49:45","guid":{"rendered":"https:\/\/sgi-es.org\/?p=3289"},"modified":"2025-01-24T14:49:45","modified_gmt":"2025-01-24T13:49:45","slug":"la-sgi-coauspicia-el-foro-de-premios-nobel-de-la-paz","status":"publish","type":"post","link":"https:\/\/sgi-es.org\/gl\/la-sgi-coauspicia-el-foro-de-premios-nobel-de-la-paz\/","title":{"rendered":"La SGI coauspicia el Foro de Premios Nobel de la Paz"},"content":{"rendered":"<figure id=\"attachment_3260\" aria-describedby=\"caption-attachment-3260\" style=\"width: 720px\" class=\"wp-caption aligncenter\"><img loading=\"lazy\" decoding=\"async\" class=\"size-large wp-image-3260\" src=\"https:\/\/sgi-es.org\/wp-content\/uploads\/2025\/01\/50463130-12142-20250124-162415-720x480.jpg\" alt=\"\" width=\"720\" height=\"480\" srcset=\"https:\/\/sgi-es.org\/wp-content\/uploads\/2025\/01\/50463130-12142-20250124-162415-720x480.jpg 720w, https:\/\/sgi-es.org\/wp-content\/uploads\/2025\/01\/50463130-12142-20250124-162415-300x200.jpg 300w, https:\/\/sgi-es.org\/wp-content\/uploads\/2025\/01\/50463130-12142-20250124-162415-768x512.jpg 768w, https:\/\/sgi-es.org\/wp-content\/uploads\/2025\/01\/50463130-12142-20250124-162415-1536x1024.jpg 1536w, https:\/\/sgi-es.org\/wp-content\/uploads\/2025\/01\/50463130-12142-20250124-162415-2048x1365.jpg 2048w\" sizes=\"auto, (max-width: 720px) 100vw, 720px\" \/><figcaption id=\"caption-attachment-3260\" class=\"wp-caption-text\">En la ceremonia de entrega del Premio Nobel de la Paz 2024, celebrada el 10 de diciembre en el Ayuntamiento de Oslo, en representaci\u00f3n de Jap\u00f3n Hidankyo pronunci\u00f3 el discurso de agradecimiento Terumi Tanaka, su secretario general | Foto: Seikyo Shimbun<\/figcaption><\/figure>\n<p>Tras el anuncio realizado por el Comit\u00e9 Noruego del Nobel, el 11 de octubre, de que otorgar\u00eda el Premio Nobel de la Paz 2024 a Nihon Hidankyo \u2013organizaci\u00f3n formada por\u00a0<em>hibakusha<\/em>\u00a0japoneses, supervivientes de los bombardeos at\u00f3micos de Hiroshima y Nagasaki\u2013, el martes 10 de diciembre se celebr\u00f3 en el Ayuntamiento de Oslo la ceremonia de entrega del galard\u00f3n. Esta constituy\u00f3 un momento especialmente relevante y conmovedor de la Semana del Nobel, en el que se transmiti\u00f3 un llamamiento a no permitir que la humanidad se autodestruya mediante el uso de armas nucleares. Pero su mensaje fue m\u00e1s all\u00e1, amplificado por varios eventos realizados al d\u00eda siguiente.<\/p>\n<p>El Foro de Premios Nobel de la Paz, que tuvo lugar el mi\u00e9rcoles 11 en la Universidad de Oslo, reuni\u00f3 a expertos y activistas para abordar la amenaza global de las armas nucleares. Fue coauspiciado por la ciudad de Oslo, el Foro Internacional para el Entendimiento, la Universidad de Oslo y la Soka Gakkai Internacional (SGI).<\/p>\n<p>Con el tema \u00abLas armas nucleares: C\u00f3mo contrarrestar la amenaza\u00bb, el foro reuni\u00f3 a figuras como los\u00a0<em>hibakusha<\/em>\u00a0Masao Tomonaga, director em\u00e9rito del Hospital de la Bomba At\u00f3mica de Nagasaki afiliado a la Cruz Roja Japonesa, y Keiko Ogura, fundadora de Int\u00e9rpretes para la Paz de Hiroshima; el director general de la Agencia Internacional de Energ\u00eda At\u00f3mica (OIEA), Rafael Mariano Grossi; la directora ejecutiva de ICAN, Melissa Parke; la secretaria general electa de las Conferencias Pugwash para la Ciencia y los Asuntos Mundiales, Karen Astrid Hallberg; y destacados acad\u00e9micos y activistas por la paz.<\/p>\n<p>En el discurso de apertura, Grossi record\u00f3 haber conocido a un sobreviviente de la bomba at\u00f3mica en un hospital hace 40 a\u00f1os y haber quedado consternado. Afirm\u00f3 que los l\u00edderes de cada pa\u00eds deber\u00edan tomar en serio las voces de los supervivientes de la bomba at\u00f3mica y abordar la cuesti\u00f3n de las armas nucleares con una actitud m\u00e1s firme y sentido de responsabilidad. Tomonaga y Ogura, a su vez, brindaron impactantes testimonios sobre las consecuencias de las armas nucleares y enfatizaron el poder de los ciudadanos para incidir en el cambio. Posteriormente se realizaron dos mesas redondas.<\/p>\n<p>Ese mismo d\u00eda, se celebr\u00f3 un Panel de Alto Nivel titulado \u00abPara evitar una guerra nuclear: El principio de \u201cno ser el primero en usar\u201d armas nucleares\u00bb, organizado por la Universidad de Oslo, Peacebook y la SGI, en colaboraci\u00f3n con el Instituto Nobel de Noruega.<\/p>\n<figure id=\"attachment_3265\" aria-describedby=\"caption-attachment-3265\" style=\"width: 720px\" class=\"wp-caption aligncenter\"><img loading=\"lazy\" decoding=\"async\" class=\"size-large wp-image-3265\" src=\"https:\/\/sgi-es.org\/wp-content\/uploads\/2025\/01\/50463186-12142-20250124-162420-720x566.jpg\" alt=\"\" width=\"720\" height=\"566\" srcset=\"https:\/\/sgi-es.org\/wp-content\/uploads\/2025\/01\/50463186-12142-20250124-162420-720x566.jpg 720w, https:\/\/sgi-es.org\/wp-content\/uploads\/2025\/01\/50463186-12142-20250124-162420-300x236.jpg 300w, https:\/\/sgi-es.org\/wp-content\/uploads\/2025\/01\/50463186-12142-20250124-162420-768x604.jpg 768w, https:\/\/sgi-es.org\/wp-content\/uploads\/2025\/01\/50463186-12142-20250124-162420-1536x1208.jpg 1536w, https:\/\/sgi-es.org\/wp-content\/uploads\/2025\/01\/50463186-12142-20250124-162420-2048x1611.jpg 2048w\" sizes=\"auto, (max-width: 720px) 100vw, 720px\" \/><figcaption id=\"caption-attachment-3265\" class=\"wp-caption-text\">Panel de Alto Nivel \u00abPara evitar una guerra nuclear: El principio de \u201cno ser el primero en usar\u201d armas nucleares\u00bb, coorganizado por la Universidad de Oslo, Peacebook y la SGI el 11 de diciembre | Foto: Seikyo Shimbun<\/figcaption><\/figure>\n<p>Por la tarde, la SGI tambi\u00e9n organiz\u00f3 en la Universidad de Oslo un \u00abDi\u00e1logo de la juventud con los\u00a0<em>hibakusha<\/em>\u00bb, un encuentro intergeneracional donde Masao Tomonaga y Keiko Ogura conversaron con estudiantes de secundaria y universitarios locales, y j\u00f3venes de la SGI en Noruega.<\/p>\n<p>La confianza en la SGI por parte de la organizaci\u00f3n del Nobel de la Paz se reflej\u00f3 tambi\u00e9n en la invitaci\u00f3n al director general de Paz y Asuntos Globales de la SGI, Hirotsugu Terasaki, y el copresidente de la SGI de Europa Robert Harrap a participar en la ceremonia de entrega del premio, as\u00ed como en un encuentro anterior entre una delegaci\u00f3n que inclu\u00eda a Terasaki con el presidente del Comit\u00e9 Noruego del Nobel, J\u00f8rgen Watne Frydnes, el d\u00eda 9.<\/p>\n","protected":false},"excerpt":{"rendered":"<p>Tras el anuncio realizado por el Comit\u00e9 Noruego del Nobel, el 11 de octubre, de que otorgar\u00eda el Premio Nobel de la Paz 2024 a Nihon Hidankyo \u2013organizaci\u00f3n formada por\u00a0hibakusha\u00a0japoneses, supervivientes de los bombardeos at\u00f3micos de Hiroshima y Nagasaki\u2013, el martes 10 de diciembre se celebr\u00f3 en el Ayuntamiento de Oslo la ceremonia de entrega [&hellip;]<\/p>\n","protected":false},"author":7,"featured_media":3265,"comment_status":"closed","ping_status":"closed","sticky":false,"template":"","format":"standard","meta":{"site-sidebar-layout":"default","site-content-layout":"","ast-site-content-layout":"normal-width-container","site-content-style":"default","site-sidebar-style":"default","ast-global-header-display":"","ast-banner-title-visibility":"","ast-main-header-display":"","ast-hfb-above-header-display":"","ast-hfb-below-header-display":"","ast-hfb-mobile-header-display":"","site-post-title":"","ast-breadcrumbs-content":"","ast-featured-img":"disabled","footer-sml-layout":"","theme-transparent-header-meta":"default","adv-header-id-meta":"","stick-header-meta":"default","header-above-stick-meta":"","header-main-stick-meta":"","header-below-stick-meta":"","astra-migrate-meta-layouts":"set","ast-page-background-enabled":"default","ast-page-background-meta":{"desktop":{"background-color":"","background-image":"","background-repeat":"repeat","background-position":"center center","background-size":"auto","background-attachment":"scroll","background-type":"","background-media":"","overlay-type":"","overlay-color":"","overlay-opacity":"","overlay-gradient":""},"tablet":{"background-color":"","background-image":"","background-repeat":"repeat","background-position":"center center","background-size":"auto","background-attachment":"scroll","background-type":"","background-media":"","overlay-type":"","overlay-color":"","overlay-opacity":"","overlay-gradient":""},"mobile":{"background-color":"","background-image":"","background-repeat":"repeat","background-position":"center center","background-size":"auto","background-attachment":"scroll","background-type":"","background-media":"","overlay-type":"","overlay-color":"","overlay-opacity":"","overlay-gradient":""}},"ast-content-background-meta":{"desktop":{"background-color":"var(--ast-global-color-5)","background-image":"","background-repeat":"repeat","background-position":"center center","background-size":"auto","background-attachment":"scroll","background-type":"","background-media":"","overlay-type":"","overlay-color":"","overlay-opacity":"","overlay-gradient":""},"tablet":{"background-color":"var(--ast-global-color-5)","background-image":"","background-repeat":"repeat","background-position":"center center","background-size":"auto","background-attachment":"scroll","background-type":"","background-media":"","overlay-type":"","overlay-color":"","overlay-opacity":"","overlay-gradient":""},"mobile":{"background-color":"var(--ast-global-color-5)","background-image":"","background-repeat":"repeat","background-position":"center center","background-size":"auto","background-attachment":"scroll","background-type":"","background-media":"","overlay-type":"","overlay-color":"","overlay-opacity":"","overlay-gradient":""}},"footnotes":""},"categories":[56],"tags":[],"class_list":["post-3289","post","type-post","status-publish","format-standard","has-post-thumbnail","hentry","category-noticias-4"],"yoast_head":"<!-- This site is optimized with the Yoast SEO plugin v22.0 - https:\/\/yoast.com\/wordpress\/plugins\/seo\/ -->\n<title>La SGI coauspicia el Foro de Premios Nobel de la Paz - SOKA GAKKAI DE ESPA\u00d1A<\/title>\n<meta name=\"robots\" content=\"noindex, follow\" \/>\n<meta property=\"og:locale\" content=\"gl_ES\" \/>\n<meta property=\"og:type\" content=\"article\" \/>\n<meta property=\"og:title\" content=\"La SGI coauspicia el Foro de Premios Nobel de la Paz - SOKA GAKKAI DE ESPA\u00d1A\" \/>\n<meta property=\"og:description\" content=\"Tras el anuncio realizado por el Comit\u00e9 Noruego del Nobel, el 11 de octubre, de que otorgar\u00eda el Premio Nobel de la Paz 2024 a Nihon Hidankyo \u2013organizaci\u00f3n formada por\u00a0hibakusha\u00a0japoneses, supervivientes de los bombardeos at\u00f3micos de Hiroshima y Nagasaki\u2013, el martes 10 de diciembre se celebr\u00f3 en el Ayuntamiento de Oslo la ceremonia de entrega [&hellip;]\" \/>\n<meta property=\"og:url\" content=\"https:\/\/sgi-es.org\/gl\/la-sgi-coauspicia-el-foro-de-premios-nobel-de-la-paz\/\" \/>\n<meta property=\"og:site_name\" content=\"SOKA GAKKAI DE ESPA\u00d1A\" \/>\n<meta property=\"article:published_time\" content=\"2025-01-24T13:49:45+00:00\" \/>\n<meta property=\"og:image\" content=\"https:\/\/sgi-es.org\/wp-content\/uploads\/2025\/01\/50463186-12142-20250124-162420-scaled.jpg\" \/>\n\t<meta property=\"og:image:width\" content=\"2560\" \/>\n\t<meta property=\"og:image:height\" content=\"2014\" \/>\n\t<meta property=\"og:image:type\" content=\"image\/jpeg\" \/>\n<meta name=\"author\" content=\"root_sgi-es\" \/>\n<meta name=\"twitter:card\" content=\"summary_large_image\" \/>\n<meta name=\"twitter:label1\" content=\"Escrito por\" \/>\n\t<meta name=\"twitter:data1\" content=\"root_sgi-es\" \/>\n\t<meta name=\"twitter:label2\" content=\"Tempo de lectura\" \/>\n\t<meta name=\"twitter:data2\" content=\"4 minutos\" \/>\n<script type=\"application\/ld+json\" class=\"yoast-schema-graph\">{\"@context\":\"https:\/\/schema.org\",\"@graph\":[{\"@type\":\"Article\",\"@id\":\"https:\/\/sgi-es.org\/gl\/la-sgi-coauspicia-el-foro-de-premios-nobel-de-la-paz\/#article\",\"isPartOf\":{\"@id\":\"https:\/\/sgi-es.org\/gl\/la-sgi-coauspicia-el-foro-de-premios-nobel-de-la-paz\/\"},\"author\":{\"name\":\"root_sgi-es\",\"@id\":\"https:\/\/sgi-es.org\/#\/schema\/person\/8db076f3d444a2f2dab2d057ebb10024\"},\"headline\":\"La SGI coauspicia el Foro de Premios Nobel de la Paz\",\"datePublished\":\"2025-01-24T13:49:45+00:00\",\"dateModified\":\"2025-01-24T13:49:45+00:00\",\"mainEntityOfPage\":{\"@id\":\"https:\/\/sgi-es.org\/gl\/la-sgi-coauspicia-el-foro-de-premios-nobel-de-la-paz\/\"},\"wordCount\":652,\"publisher\":{\"@id\":\"https:\/\/sgi-es.org\/#organization\"},\"articleSection\":[\"Noticias\"],\"inLanguage\":\"gl-ES\"},{\"@type\":\"WebPage\",\"@id\":\"https:\/\/sgi-es.org\/gl\/la-sgi-coauspicia-el-foro-de-premios-nobel-de-la-paz\/\",\"url\":\"https:\/\/sgi-es.org\/gl\/la-sgi-coauspicia-el-foro-de-premios-nobel-de-la-paz\/\",\"name\":\"La SGI coauspicia el Foro de Premios Nobel de la Paz - SOKA GAKKAI DE ESPA\u00d1A\",\"isPartOf\":{\"@id\":\"https:\/\/sgi-es.org\/#website\"},\"datePublished\":\"2025-01-24T13:49:45+00:00\",\"dateModified\":\"2025-01-24T13:49:45+00:00\",\"breadcrumb\":{\"@id\":\"https:\/\/sgi-es.org\/gl\/la-sgi-coauspicia-el-foro-de-premios-nobel-de-la-paz\/#breadcrumb\"},\"inLanguage\":\"gl-ES\",\"potentialAction\":[{\"@type\":\"ReadAction\",\"target\":[\"https:\/\/sgi-es.org\/gl\/la-sgi-coauspicia-el-foro-de-premios-nobel-de-la-paz\/\"]}]},{\"@type\":\"BreadcrumbList\",\"@id\":\"https:\/\/sgi-es.org\/gl\/la-sgi-coauspicia-el-foro-de-premios-nobel-de-la-paz\/#breadcrumb\",\"itemListElement\":[{\"@type\":\"ListItem\",\"position\":1,\"name\":\"Portada\",\"item\":\"https:\/\/sgi-es.org\/gl\/\"},{\"@type\":\"ListItem\",\"position\":2,\"name\":\"La SGI coauspicia el Foro de Premios Nobel de la Paz\"}]},{\"@type\":\"WebSite\",\"@id\":\"https:\/\/sgi-es.org\/#website\",\"url\":\"https:\/\/sgi-es.org\/\",\"name\":\"SOKA GAKKAI DE ESPA\u00d1A\",\"description\":\"\",\"publisher\":{\"@id\":\"https:\/\/sgi-es.org\/#organization\"},\"potentialAction\":[{\"@type\":\"SearchAction\",\"target\":{\"@type\":\"EntryPoint\",\"urlTemplate\":\"https:\/\/sgi-es.org\/?s={search_term_string}\"},\"query-input\":\"required name=search_term_string\"}],\"inLanguage\":\"gl-ES\"},{\"@type\":\"Organization\",\"@id\":\"https:\/\/sgi-es.org\/#organization\",\"name\":\"Soka Gakkai de Espa\u00f1a\",\"url\":\"https:\/\/sgi-es.org\/\",\"logo\":{\"@type\":\"ImageObject\",\"inLanguage\":\"gl-ES\",\"@id\":\"https:\/\/sgi-es.org\/#\/schema\/logo\/image\/\",\"url\":\"https:\/\/sgi-es.org\/wp-content\/uploads\/2021\/09\/soka-gakkai-espana-logo-6.png\",\"contentUrl\":\"https:\/\/sgi-es.org\/wp-content\/uploads\/2021\/09\/soka-gakkai-espana-logo-6.png\",\"width\":1000,\"height\":152,\"caption\":\"Soka Gakkai de Espa\u00f1a\"},\"image\":{\"@id\":\"https:\/\/sgi-es.org\/#\/schema\/logo\/image\/\"}},{\"@type\":\"Person\",\"@id\":\"https:\/\/sgi-es.org\/#\/schema\/person\/8db076f3d444a2f2dab2d057ebb10024\",\"name\":\"root_sgi-es\",\"image\":{\"@type\":\"ImageObject\",\"inLanguage\":\"gl-ES\",\"@id\":\"https:\/\/sgi-es.org\/#\/schema\/person\/image\/\",\"url\":\"https:\/\/secure.gravatar.com\/avatar\/c70873858abaa50cead4e039a83317ee?s=96&d=mm&r=g\",\"contentUrl\":\"https:\/\/secure.gravatar.com\/avatar\/c70873858abaa50cead4e039a83317ee?s=96&d=mm&r=g\",\"caption\":\"root_sgi-es\"}}]}<\/script>\n<!-- \/ Yoast SEO plugin. -->","yoast_head_json":{"title":"La SGI coauspicia el Foro de Premios Nobel de la Paz - SOKA GAKKAI DE ESPA\u00d1A","robots":{"index":"noindex","follow":"follow"},"og_locale":"gl_ES","og_type":"article","og_title":"La SGI coauspicia el Foro de Premios Nobel de la Paz - SOKA GAKKAI DE ESPA\u00d1A","og_description":"Tras el anuncio realizado por el Comit\u00e9 Noruego del Nobel, el 11 de octubre, de que otorgar\u00eda el Premio Nobel de la Paz 2024 a Nihon Hidankyo \u2013organizaci\u00f3n formada por\u00a0hibakusha\u00a0japoneses, supervivientes de los bombardeos at\u00f3micos de Hiroshima y Nagasaki\u2013, el martes 10 de diciembre se celebr\u00f3 en el Ayuntamiento de Oslo la ceremonia de entrega [&hellip;]","og_url":"https:\/\/sgi-es.org\/gl\/la-sgi-coauspicia-el-foro-de-premios-nobel-de-la-paz\/","og_site_name":"SOKA GAKKAI DE ESPA\u00d1A","article_published_time":"2025-01-24T13:49:45+00:00","og_image":[{"width":2560,"height":2014,"url":"https:\/\/sgi-es.org\/wp-content\/uploads\/2025\/01\/50463186-12142-20250124-162420-scaled.jpg","type":"image\/jpeg"}],"author":"root_sgi-es","twitter_card":"summary_large_image","twitter_misc":{"Escrito por":"root_sgi-es","Tempo de lectura":"4 minutos"},"schema":{"@context":"https:\/\/schema.org","@graph":[{"@type":"Article","@id":"https:\/\/sgi-es.org\/gl\/la-sgi-coauspicia-el-foro-de-premios-nobel-de-la-paz\/#article","isPartOf":{"@id":"https:\/\/sgi-es.org\/gl\/la-sgi-coauspicia-el-foro-de-premios-nobel-de-la-paz\/"},"author":{"name":"root_sgi-es","@id":"https:\/\/sgi-es.org\/#\/schema\/person\/8db076f3d444a2f2dab2d057ebb10024"},"headline":"La SGI coauspicia el Foro de Premios Nobel de la Paz","datePublished":"2025-01-24T13:49:45+00:00","dateModified":"2025-01-24T13:49:45+00:00","mainEntityOfPage":{"@id":"https:\/\/sgi-es.org\/gl\/la-sgi-coauspicia-el-foro-de-premios-nobel-de-la-paz\/"},"wordCount":652,"publisher":{"@id":"https:\/\/sgi-es.org\/#organization"},"articleSection":["Noticias"],"inLanguage":"gl-ES"},{"@type":"WebPage","@id":"https:\/\/sgi-es.org\/gl\/la-sgi-coauspicia-el-foro-de-premios-nobel-de-la-paz\/","url":"https:\/\/sgi-es.org\/gl\/la-sgi-coauspicia-el-foro-de-premios-nobel-de-la-paz\/","name":"La SGI coauspicia el Foro de Premios Nobel de la Paz - SOKA GAKKAI DE ESPA\u00d1A","isPartOf":{"@id":"https:\/\/sgi-es.org\/#website"},"datePublished":"2025-01-24T13:49:45+00:00","dateModified":"2025-01-24T13:49:45+00:00","breadcrumb":{"@id":"https:\/\/sgi-es.org\/gl\/la-sgi-coauspicia-el-foro-de-premios-nobel-de-la-paz\/#breadcrumb"},"inLanguage":"gl-ES","potentialAction":[{"@type":"ReadAction","target":["https:\/\/sgi-es.org\/gl\/la-sgi-coauspicia-el-foro-de-premios-nobel-de-la-paz\/"]}]},{"@type":"BreadcrumbList","@id":"https:\/\/sgi-es.org\/gl\/la-sgi-coauspicia-el-foro-de-premios-nobel-de-la-paz\/#breadcrumb","itemListElement":[{"@type":"ListItem","position":1,"name":"Portada","item":"https:\/\/sgi-es.org\/gl\/"},{"@type":"ListItem","position":2,"name":"La SGI coauspicia el Foro de Premios Nobel de la Paz"}]},{"@type":"WebSite","@id":"https:\/\/sgi-es.org\/#website","url":"https:\/\/sgi-es.org\/","name":"SOKA GAKKAI DE ESPA\u00d1A","description":"","publisher":{"@id":"https:\/\/sgi-es.org\/#organization"},"potentialAction":[{"@type":"SearchAction","target":{"@type":"EntryPoint","urlTemplate":"https:\/\/sgi-es.org\/?s={search_term_string}"},"query-input":"required name=search_term_string"}],"inLanguage":"gl-ES"},{"@type":"Organization","@id":"https:\/\/sgi-es.org\/#organization","name":"Soka Gakkai de Espa\u00f1a","url":"https:\/\/sgi-es.org\/","logo":{"@type":"ImageObject","inLanguage":"gl-ES","@id":"https:\/\/sgi-es.org\/#\/schema\/logo\/image\/","url":"https:\/\/sgi-es.org\/wp-content\/uploads\/2021\/09\/soka-gakkai-espana-logo-6.png","contentUrl":"https:\/\/sgi-es.org\/wp-content\/uploads\/2021\/09\/soka-gakkai-espana-logo-6.png","width":1000,"height":152,"caption":"Soka Gakkai de Espa\u00f1a"},"image":{"@id":"https:\/\/sgi-es.org\/#\/schema\/logo\/image\/"}},{"@type":"Person","@id":"https:\/\/sgi-es.org\/#\/schema\/person\/8db076f3d444a2f2dab2d057ebb10024","name":"root_sgi-es","image":{"@type":"ImageObject","inLanguage":"gl-ES","@id":"https:\/\/sgi-es.org\/#\/schema\/person\/image\/","url":"https:\/\/secure.gravatar.com\/avatar\/c70873858abaa50cead4e039a83317ee?s=96&d=mm&r=g","contentUrl":"https:\/\/secure.gravatar.com\/avatar\/c70873858abaa50cead4e039a83317ee?s=96&d=mm&r=g","caption":"root_sgi-es"}}]}},"_links":{"self":[{"href":"https:\/\/sgi-es.org\/gl\/wp-json\/wp\/v2\/posts\/3289","targetHints":{"allow":["GET"]}}],"collection":[{"href":"https:\/\/sgi-es.org\/gl\/wp-json\/wp\/v2\/posts"}],"about":[{"href":"https:\/\/sgi-es.org\/gl\/wp-json\/wp\/v2\/types\/post"}],"author":[{"embeddable":true,"href":"https:\/\/sgi-es.org\/gl\/wp-json\/wp\/v2\/users\/7"}],"replies":[{"embeddable":true,"href":"https:\/\/sgi-es.org\/gl\/wp-json\/wp\/v2\/comments?post=3289"}],"version-history":[{"count":1,"href":"https:\/\/sgi-es.org\/gl\/wp-json\/wp\/v2\/posts\/3289\/revisions"}],"predecessor-version":[{"id":3290,"href":"https:\/\/sgi-es.org\/gl\/wp-json\/wp\/v2\/posts\/3289\/revisions\/3290"}],"wp:featuredmedia":[{"embeddable":true,"href":"https:\/\/sgi-es.org\/gl\/wp-json\/wp\/v2\/media\/3265"}],"wp:attachment":[{"href":"https:\/\/sgi-es.org\/gl\/wp-json\/wp\/v2\/media?parent=3289"}],"wp:term":[{"taxonomy":"category","embeddable":true,"href":"https:\/\/sgi-es.org\/gl\/wp-json\/wp\/v2\/categories?post=3289"},{"taxonomy":"post_tag","embeddable":true,"href":"https:\/\/sgi-es.org\/gl\/wp-json\/wp\/v2\/tags?post=3289"}],"curies":[{"name":"wp","href":"https:\/\/api.w.org\/{rel}","templated":true}]}}