{"id":3537,"date":"2025-06-02T11:33:56","date_gmt":"2025-06-02T09:33:56","guid":{"rendered":"https:\/\/sgi-es.org\/?p=3537"},"modified":"2025-06-02T11:34:22","modified_gmt":"2025-06-02T09:34:22","slug":"participacion-en-actos-de-celebracion-del-vesak","status":"publish","type":"post","link":"https:\/\/sgi-es.org\/gl\/participacion-en-actos-de-celebracion-del-vesak\/","title":{"rendered":"Participaci\u00f3n en actos de celebraci\u00f3n del Vesak"},"content":{"rendered":"<figure id=\"attachment_3538\" aria-describedby=\"caption-attachment-3538\" style=\"width: 720px\" class=\"wp-caption aligncenter\"><img loading=\"lazy\" decoding=\"async\" class=\"size-large wp-image-3538\" src=\"https:\/\/sgi-es.org\/wp-content\/uploads\/2025\/05\/vesak-2025-tenerife-720x324.jpg\" alt=\"\" width=\"720\" height=\"324\" srcset=\"https:\/\/sgi-es.org\/wp-content\/uploads\/2025\/05\/vesak-2025-tenerife-720x324.jpg 720w, https:\/\/sgi-es.org\/wp-content\/uploads\/2025\/05\/vesak-2025-tenerife-300x135.jpg 300w, https:\/\/sgi-es.org\/wp-content\/uploads\/2025\/05\/vesak-2025-tenerife-768x346.jpg 768w, https:\/\/sgi-es.org\/wp-content\/uploads\/2025\/05\/vesak-2025-tenerife-1536x692.jpg 1536w, https:\/\/sgi-es.org\/wp-content\/uploads\/2025\/05\/vesak-2025-tenerife.jpg 2048w\" sizes=\"auto, (max-width: 720px) 100vw, 720px\" \/><figcaption id=\"caption-attachment-3538\" class=\"wp-caption-text\">Conmemoraci\u00f3n del Vesak 2025 por iniciativa de la Uni\u00f3n Budista de Espa\u00f1a en Canarias, en el Centro Cultural de la SGEs en Tenerife | Foto: Emiliana Battista<\/figcaption><\/figure>\n<p>El Vesak es una festividad budista que conmemora el nacimiento, la iluminaci\u00f3n y la partida del Buda con oraciones, ofrendas y meditaciones, y es especialmente importante en el budismo Theravada, aunque tambi\u00e9n se observa de formas distintas en el budismo Mahayana y Vajrayana.<\/p>\n<p>Este a\u00f1o, por iniciativa de la Uni\u00f3n Budista de Espa\u00f1a (UBE-FEBE) en Canarias esta festividad se celebr\u00f3 el 17 de mayo en el Centro Cultural de la SGEs en Santa Cruz de Tenerife. El encuentro propici\u00f3, adem\u00e1s, un di\u00e1logo distendido sobre el presente y futuro del budismo en Canarias, en un nuevo paso hacia la presencia institucional de la UBE-FEBE en esta comunidad aut\u00f3noma.<\/p>\n<p>Paralelamente, el viernes 23 y s\u00e1bado 24 de mayo tuvieron lugar en Barcelona varios actos convocados por la Coordinadora Catalana de Entidades Budistas que tuvieron como centro el Vesak. Representantes de los departamentos de Mujeres y J\u00f3venes de la SGEs tuvieron una participaci\u00f3n activa, respectivamente, en la conversaci\u00f3n y coloquio titulada \u00abSonido, m\u00fasica y sentidos en el budismo\u00bb y en la lectura de fragmentos del\u00a0<em>Sutra del loto<\/em>\u00a0en catal\u00e1n, esto \u00faltimo como avance de su\u00a0 pr\u00f3xima publicaci\u00f3n por Ediciones Civilizaci\u00f3n Global.<\/p>\n<figure id=\"attachment_3543\" aria-describedby=\"caption-attachment-3543\" style=\"width: 720px\" class=\"wp-caption aligncenter\"><img loading=\"lazy\" decoding=\"async\" class=\"size-large wp-image-3543\" src=\"https:\/\/sgi-es.org\/wp-content\/uploads\/2025\/05\/vesak-2025-barcelona-720x480.jpg\" alt=\"\" width=\"720\" height=\"480\" srcset=\"https:\/\/sgi-es.org\/wp-content\/uploads\/2025\/05\/vesak-2025-barcelona-720x480.jpg 720w, https:\/\/sgi-es.org\/wp-content\/uploads\/2025\/05\/vesak-2025-barcelona-300x200.jpg 300w, https:\/\/sgi-es.org\/wp-content\/uploads\/2025\/05\/vesak-2025-barcelona-768x512.jpg 768w, https:\/\/sgi-es.org\/wp-content\/uploads\/2025\/05\/vesak-2025-barcelona.jpg 1080w\" sizes=\"auto, (max-width: 720px) 100vw, 720px\" \/><figcaption id=\"caption-attachment-3543\" class=\"wp-caption-text\">Lectura del Sutra del lotus por j\u00f3venes de la SGEs en el claustro del monasterio de Pedralbes en Barcelona, en el marco del Vesak 2025 | Foto: Maria Gassiot<\/figcaption><\/figure>\n","protected":false},"excerpt":{"rendered":"<p>El Vesak es una festividad budista que conmemora el nacimiento, la iluminaci\u00f3n y la partida del Buda con oraciones, ofrendas y meditaciones, y es especialmente importante en el budismo Theravada, aunque tambi\u00e9n se observa de formas distintas en el budismo Mahayana y Vajrayana. Este a\u00f1o, por iniciativa de la Uni\u00f3n Budista de Espa\u00f1a (UBE-FEBE) en [&hellip;]<\/p>\n","protected":false},"author":7,"featured_media":3543,"comment_status":"closed","ping_status":"closed","sticky":false,"template":"","format":"standard","meta":{"site-sidebar-layout":"default","site-content-layout":"","ast-site-content-layout":"normal-width-container","site-content-style":"default","site-sidebar-style":"default","ast-global-header-display":"","ast-banner-title-visibility":"","ast-main-header-display":"","ast-hfb-above-header-display":"","ast-hfb-below-header-display":"","ast-hfb-mobile-header-display":"","site-post-title":"","ast-breadcrumbs-content":"","ast-featured-img":"disabled","footer-sml-layout":"","theme-transparent-header-meta":"default","adv-header-id-meta":"","stick-header-meta":"default","header-above-stick-meta":"","header-main-stick-meta":"","header-below-stick-meta":"","astra-migrate-meta-layouts":"set","ast-page-background-enabled":"default","ast-page-background-meta":{"desktop":{"background-color":"","background-image":"","background-repeat":"repeat","background-position":"center center","background-size":"auto","background-attachment":"scroll","background-type":"","background-media":"","overlay-type":"","overlay-color":"","overlay-opacity":"","overlay-gradient":""},"tablet":{"background-color":"","background-image":"","background-repeat":"repeat","background-position":"center center","background-size":"auto","background-attachment":"scroll","background-type":"","background-media":"","overlay-type":"","overlay-color":"","overlay-opacity":"","overlay-gradient":""},"mobile":{"background-color":"","background-image":"","background-repeat":"repeat","background-position":"center center","background-size":"auto","background-attachment":"scroll","background-type":"","background-media":"","overlay-type":"","overlay-color":"","overlay-opacity":"","overlay-gradient":""}},"ast-content-background-meta":{"desktop":{"background-color":"var(--ast-global-color-5)","background-image":"","background-repeat":"repeat","background-position":"center center","background-size":"auto","background-attachment":"scroll","background-type":"","background-media":"","overlay-type":"","overlay-color":"","overlay-opacity":"","overlay-gradient":""},"tablet":{"background-color":"var(--ast-global-color-5)","background-image":"","background-repeat":"repeat","background-position":"center center","background-size":"auto","background-attachment":"scroll","background-type":"","background-media":"","overlay-type":"","overlay-color":"","overlay-opacity":"","overlay-gradient":""},"mobile":{"background-color":"var(--ast-global-color-5)","background-image":"","background-repeat":"repeat","background-position":"center center","background-size":"auto","background-attachment":"scroll","background-type":"","background-media":"","overlay-type":"","overlay-color":"","overlay-opacity":"","overlay-gradient":""}},"footnotes":""},"categories":[56],"tags":[],"class_list":["post-3537","post","type-post","status-publish","format-standard","has-post-thumbnail","hentry","category-noticias-4"],"yoast_head":"<!-- This site is optimized with the Yoast SEO plugin v22.0 - https:\/\/yoast.com\/wordpress\/plugins\/seo\/ -->\n<title>Participaci\u00f3n en actos de celebraci\u00f3n del Vesak - SOKA GAKKAI DE ESPA\u00d1A<\/title>\n<meta name=\"robots\" content=\"noindex, follow\" \/>\n<meta property=\"og:locale\" content=\"gl_ES\" \/>\n<meta property=\"og:type\" content=\"article\" \/>\n<meta property=\"og:title\" content=\"Participaci\u00f3n en actos de celebraci\u00f3n del Vesak - SOKA GAKKAI DE ESPA\u00d1A\" \/>\n<meta property=\"og:description\" content=\"El Vesak es una festividad budista que conmemora el nacimiento, la iluminaci\u00f3n y la partida del Buda con oraciones, ofrendas y meditaciones, y es especialmente importante en el budismo Theravada, aunque tambi\u00e9n se observa de formas distintas en el budismo Mahayana y Vajrayana. Este a\u00f1o, por iniciativa de la Uni\u00f3n Budista de Espa\u00f1a (UBE-FEBE) en [&hellip;]\" \/>\n<meta property=\"og:url\" content=\"https:\/\/sgi-es.org\/gl\/participacion-en-actos-de-celebracion-del-vesak\/\" \/>\n<meta property=\"og:site_name\" content=\"SOKA GAKKAI DE ESPA\u00d1A\" \/>\n<meta property=\"article:published_time\" content=\"2025-06-02T09:33:56+00:00\" \/>\n<meta property=\"article:modified_time\" content=\"2025-06-02T09:34:22+00:00\" \/>\n<meta property=\"og:image\" content=\"https:\/\/sgi-es.org\/wp-content\/uploads\/2025\/05\/vesak-2025-barcelona.jpg\" \/>\n\t<meta property=\"og:image:width\" content=\"1080\" \/>\n\t<meta property=\"og:image:height\" content=\"720\" \/>\n\t<meta property=\"og:image:type\" content=\"image\/jpeg\" \/>\n<meta name=\"author\" content=\"root_sgi-es\" \/>\n<meta name=\"twitter:card\" content=\"summary_large_image\" \/>\n<meta name=\"twitter:label1\" content=\"Escrito por\" \/>\n\t<meta name=\"twitter:data1\" content=\"root_sgi-es\" \/>\n\t<meta name=\"twitter:label2\" content=\"Tempo de lectura\" \/>\n\t<meta name=\"twitter:data2\" content=\"2 minutos\" \/>\n<script type=\"application\/ld+json\" class=\"yoast-schema-graph\">{\"@context\":\"https:\/\/schema.org\",\"@graph\":[{\"@type\":\"Article\",\"@id\":\"https:\/\/sgi-es.org\/gl\/participacion-en-actos-de-celebracion-del-vesak\/#article\",\"isPartOf\":{\"@id\":\"https:\/\/sgi-es.org\/gl\/participacion-en-actos-de-celebracion-del-vesak\/\"},\"author\":{\"name\":\"root_sgi-es\",\"@id\":\"https:\/\/sgi-es.org\/#\/schema\/person\/8db076f3d444a2f2dab2d057ebb10024\"},\"headline\":\"Participaci\u00f3n en actos de celebraci\u00f3n del Vesak\",\"datePublished\":\"2025-06-02T09:33:56+00:00\",\"dateModified\":\"2025-06-02T09:34:22+00:00\",\"mainEntityOfPage\":{\"@id\":\"https:\/\/sgi-es.org\/gl\/participacion-en-actos-de-celebracion-del-vesak\/\"},\"wordCount\":282,\"publisher\":{\"@id\":\"https:\/\/sgi-es.org\/#organization\"},\"articleSection\":[\"Noticias\"],\"inLanguage\":\"gl-ES\"},{\"@type\":\"WebPage\",\"@id\":\"https:\/\/sgi-es.org\/gl\/participacion-en-actos-de-celebracion-del-vesak\/\",\"url\":\"https:\/\/sgi-es.org\/gl\/participacion-en-actos-de-celebracion-del-vesak\/\",\"name\":\"Participaci\u00f3n en actos de celebraci\u00f3n del Vesak - SOKA GAKKAI DE ESPA\u00d1A\",\"isPartOf\":{\"@id\":\"https:\/\/sgi-es.org\/#website\"},\"datePublished\":\"2025-06-02T09:33:56+00:00\",\"dateModified\":\"2025-06-02T09:34:22+00:00\",\"breadcrumb\":{\"@id\":\"https:\/\/sgi-es.org\/gl\/participacion-en-actos-de-celebracion-del-vesak\/#breadcrumb\"},\"inLanguage\":\"gl-ES\",\"potentialAction\":[{\"@type\":\"ReadAction\",\"target\":[\"https:\/\/sgi-es.org\/gl\/participacion-en-actos-de-celebracion-del-vesak\/\"]}]},{\"@type\":\"BreadcrumbList\",\"@id\":\"https:\/\/sgi-es.org\/gl\/participacion-en-actos-de-celebracion-del-vesak\/#breadcrumb\",\"itemListElement\":[{\"@type\":\"ListItem\",\"position\":1,\"name\":\"Portada\",\"item\":\"https:\/\/sgi-es.org\/gl\/\"},{\"@type\":\"ListItem\",\"position\":2,\"name\":\"Participaci\u00f3n en actos de celebraci\u00f3n del Vesak\"}]},{\"@type\":\"WebSite\",\"@id\":\"https:\/\/sgi-es.org\/#website\",\"url\":\"https:\/\/sgi-es.org\/\",\"name\":\"SOKA GAKKAI DE ESPA\u00d1A\",\"description\":\"\",\"publisher\":{\"@id\":\"https:\/\/sgi-es.org\/#organization\"},\"potentialAction\":[{\"@type\":\"SearchAction\",\"target\":{\"@type\":\"EntryPoint\",\"urlTemplate\":\"https:\/\/sgi-es.org\/?s={search_term_string}\"},\"query-input\":\"required name=search_term_string\"}],\"inLanguage\":\"gl-ES\"},{\"@type\":\"Organization\",\"@id\":\"https:\/\/sgi-es.org\/#organization\",\"name\":\"Soka Gakkai de Espa\u00f1a\",\"url\":\"https:\/\/sgi-es.org\/\",\"logo\":{\"@type\":\"ImageObject\",\"inLanguage\":\"gl-ES\",\"@id\":\"https:\/\/sgi-es.org\/#\/schema\/logo\/image\/\",\"url\":\"https:\/\/sgi-es.org\/wp-content\/uploads\/2021\/09\/soka-gakkai-espana-logo-6.png\",\"contentUrl\":\"https:\/\/sgi-es.org\/wp-content\/uploads\/2021\/09\/soka-gakkai-espana-logo-6.png\",\"width\":1000,\"height\":152,\"caption\":\"Soka Gakkai de Espa\u00f1a\"},\"image\":{\"@id\":\"https:\/\/sgi-es.org\/#\/schema\/logo\/image\/\"}},{\"@type\":\"Person\",\"@id\":\"https:\/\/sgi-es.org\/#\/schema\/person\/8db076f3d444a2f2dab2d057ebb10024\",\"name\":\"root_sgi-es\",\"image\":{\"@type\":\"ImageObject\",\"inLanguage\":\"gl-ES\",\"@id\":\"https:\/\/sgi-es.org\/#\/schema\/person\/image\/\",\"url\":\"https:\/\/secure.gravatar.com\/avatar\/c70873858abaa50cead4e039a83317ee?s=96&d=mm&r=g\",\"contentUrl\":\"https:\/\/secure.gravatar.com\/avatar\/c70873858abaa50cead4e039a83317ee?s=96&d=mm&r=g\",\"caption\":\"root_sgi-es\"}}]}<\/script>\n<!-- \/ Yoast SEO plugin. -->","yoast_head_json":{"title":"Participaci\u00f3n en actos de celebraci\u00f3n del Vesak - SOKA GAKKAI DE ESPA\u00d1A","robots":{"index":"noindex","follow":"follow"},"og_locale":"gl_ES","og_type":"article","og_title":"Participaci\u00f3n en actos de celebraci\u00f3n del Vesak - SOKA GAKKAI DE ESPA\u00d1A","og_description":"El Vesak es una festividad budista que conmemora el nacimiento, la iluminaci\u00f3n y la partida del Buda con oraciones, ofrendas y meditaciones, y es especialmente importante en el budismo Theravada, aunque tambi\u00e9n se observa de formas distintas en el budismo Mahayana y Vajrayana. Este a\u00f1o, por iniciativa de la Uni\u00f3n Budista de Espa\u00f1a (UBE-FEBE) en [&hellip;]","og_url":"https:\/\/sgi-es.org\/gl\/participacion-en-actos-de-celebracion-del-vesak\/","og_site_name":"SOKA GAKKAI DE ESPA\u00d1A","article_published_time":"2025-06-02T09:33:56+00:00","article_modified_time":"2025-06-02T09:34:22+00:00","og_image":[{"width":1080,"height":720,"url":"https:\/\/sgi-es.org\/wp-content\/uploads\/2025\/05\/vesak-2025-barcelona.jpg","type":"image\/jpeg"}],"author":"root_sgi-es","twitter_card":"summary_large_image","twitter_misc":{"Escrito por":"root_sgi-es","Tempo de lectura":"2 minutos"},"schema":{"@context":"https:\/\/schema.org","@graph":[{"@type":"Article","@id":"https:\/\/sgi-es.org\/gl\/participacion-en-actos-de-celebracion-del-vesak\/#article","isPartOf":{"@id":"https:\/\/sgi-es.org\/gl\/participacion-en-actos-de-celebracion-del-vesak\/"},"author":{"name":"root_sgi-es","@id":"https:\/\/sgi-es.org\/#\/schema\/person\/8db076f3d444a2f2dab2d057ebb10024"},"headline":"Participaci\u00f3n en actos de celebraci\u00f3n del Vesak","datePublished":"2025-06-02T09:33:56+00:00","dateModified":"2025-06-02T09:34:22+00:00","mainEntityOfPage":{"@id":"https:\/\/sgi-es.org\/gl\/participacion-en-actos-de-celebracion-del-vesak\/"},"wordCount":282,"publisher":{"@id":"https:\/\/sgi-es.org\/#organization"},"articleSection":["Noticias"],"inLanguage":"gl-ES"},{"@type":"WebPage","@id":"https:\/\/sgi-es.org\/gl\/participacion-en-actos-de-celebracion-del-vesak\/","url":"https:\/\/sgi-es.org\/gl\/participacion-en-actos-de-celebracion-del-vesak\/","name":"Participaci\u00f3n en actos de celebraci\u00f3n del Vesak - SOKA GAKKAI DE ESPA\u00d1A","isPartOf":{"@id":"https:\/\/sgi-es.org\/#website"},"datePublished":"2025-06-02T09:33:56+00:00","dateModified":"2025-06-02T09:34:22+00:00","breadcrumb":{"@id":"https:\/\/sgi-es.org\/gl\/participacion-en-actos-de-celebracion-del-vesak\/#breadcrumb"},"inLanguage":"gl-ES","potentialAction":[{"@type":"ReadAction","target":["https:\/\/sgi-es.org\/gl\/participacion-en-actos-de-celebracion-del-vesak\/"]}]},{"@type":"BreadcrumbList","@id":"https:\/\/sgi-es.org\/gl\/participacion-en-actos-de-celebracion-del-vesak\/#breadcrumb","itemListElement":[{"@type":"ListItem","position":1,"name":"Portada","item":"https:\/\/sgi-es.org\/gl\/"},{"@type":"ListItem","position":2,"name":"Participaci\u00f3n en actos de celebraci\u00f3n del Vesak"}]},{"@type":"WebSite","@id":"https:\/\/sgi-es.org\/#website","url":"https:\/\/sgi-es.org\/","name":"SOKA GAKKAI DE ESPA\u00d1A","description":"","publisher":{"@id":"https:\/\/sgi-es.org\/#organization"},"potentialAction":[{"@type":"SearchAction","target":{"@type":"EntryPoint","urlTemplate":"https:\/\/sgi-es.org\/?s={search_term_string}"},"query-input":"required name=search_term_string"}],"inLanguage":"gl-ES"},{"@type":"Organization","@id":"https:\/\/sgi-es.org\/#organization","name":"Soka Gakkai de Espa\u00f1a","url":"https:\/\/sgi-es.org\/","logo":{"@type":"ImageObject","inLanguage":"gl-ES","@id":"https:\/\/sgi-es.org\/#\/schema\/logo\/image\/","url":"https:\/\/sgi-es.org\/wp-content\/uploads\/2021\/09\/soka-gakkai-espana-logo-6.png","contentUrl":"https:\/\/sgi-es.org\/wp-content\/uploads\/2021\/09\/soka-gakkai-espana-logo-6.png","width":1000,"height":152,"caption":"Soka Gakkai de Espa\u00f1a"},"image":{"@id":"https:\/\/sgi-es.org\/#\/schema\/logo\/image\/"}},{"@type":"Person","@id":"https:\/\/sgi-es.org\/#\/schema\/person\/8db076f3d444a2f2dab2d057ebb10024","name":"root_sgi-es","image":{"@type":"ImageObject","inLanguage":"gl-ES","@id":"https:\/\/sgi-es.org\/#\/schema\/person\/image\/","url":"https:\/\/secure.gravatar.com\/avatar\/c70873858abaa50cead4e039a83317ee?s=96&d=mm&r=g","contentUrl":"https:\/\/secure.gravatar.com\/avatar\/c70873858abaa50cead4e039a83317ee?s=96&d=mm&r=g","caption":"root_sgi-es"}}]}},"_links":{"self":[{"href":"https:\/\/sgi-es.org\/gl\/wp-json\/wp\/v2\/posts\/3537","targetHints":{"allow":["GET"]}}],"collection":[{"href":"https:\/\/sgi-es.org\/gl\/wp-json\/wp\/v2\/posts"}],"about":[{"href":"https:\/\/sgi-es.org\/gl\/wp-json\/wp\/v2\/types\/post"}],"author":[{"embeddable":true,"href":"https:\/\/sgi-es.org\/gl\/wp-json\/wp\/v2\/users\/7"}],"replies":[{"embeddable":true,"href":"https:\/\/sgi-es.org\/gl\/wp-json\/wp\/v2\/comments?post=3537"}],"version-history":[{"count":1,"href":"https:\/\/sgi-es.org\/gl\/wp-json\/wp\/v2\/posts\/3537\/revisions"}],"predecessor-version":[{"id":3548,"href":"https:\/\/sgi-es.org\/gl\/wp-json\/wp\/v2\/posts\/3537\/revisions\/3548"}],"wp:featuredmedia":[{"embeddable":true,"href":"https:\/\/sgi-es.org\/gl\/wp-json\/wp\/v2\/media\/3543"}],"wp:attachment":[{"href":"https:\/\/sgi-es.org\/gl\/wp-json\/wp\/v2\/media?parent=3537"}],"wp:term":[{"taxonomy":"category","embeddable":true,"href":"https:\/\/sgi-es.org\/gl\/wp-json\/wp\/v2\/categories?post=3537"},{"taxonomy":"post_tag","embeddable":true,"href":"https:\/\/sgi-es.org\/gl\/wp-json\/wp\/v2\/tags?post=3537"}],"curies":[{"name":"wp","href":"https:\/\/api.w.org\/{rel}","templated":true}]}}